{"id":4898,"date":"2025-08-13T21:19:59","date_gmt":"2025-08-13T21:19:59","guid":{"rendered":"https:\/\/vianyc.org\/via-une-sus-fuerzas-por-la-justicia-de-inmigracion-en-el-panel-comunitario-de-nueva-york\/"},"modified":"2026-02-03T02:38:51","modified_gmt":"2026-02-03T02:38:51","slug":"via-une-sus-fuerzas-por-la-justicia-de-inmigracion-en-el-panel-comunitario-de-nueva-york","status":"publish","type":"post","link":"https:\/\/vianyc.org\/es\/via-une-sus-fuerzas-por-la-justicia-de-inmigracion-en-el-panel-comunitario-de-nueva-york\/","title":{"rendered":"VIA une sus fuerzas por la Justicia de Inmigraci\u00f3n en el Panel Comunitario de Nueva York"},"content":{"rendered":"\n<p>El domingo 27 de abril, VIA (Ayuda a Venezolanos e Inmigrantes) particip\u00f3 como ponente local en Resistimos: Justicia de Inmigraci\u00f3n en medio de la confusi\u00f3n, un evento organizado por la Federaci\u00f3n Metodista para la Acci\u00f3n Social de Nueva York. El encuentro tuvo lugar en la Iglesia Metodista Unida de San Pablo y San Andr\u00e9s, y reuni\u00f3 a m\u00e1s de 15 organizaciones y miembros de la Conferencia Anual de Nueva York (NYAC) que apoyan activamente a las comunidades de inmigrantes en una \u00e9poca cada vez m\u00e1s dif\u00edcil. <\/p>\n\n<p><br\/>Facilitado por el reverendo Paul Fleck, director general de Immigration Law &amp; Justice New York, el panel ofreci\u00f3 una plataforma para que las organizaciones compartieran sus experiencias, estrategias y esperanzas ante la actual crisis de la inmigraci\u00f3n. La codirectora de VIA, Niurka Mel\u00e9ndez, hizo hincapi\u00e9 en el compromiso de la organizaci\u00f3n de capacitar a las comunidades de inmigrantes mediante el acceso a informaci\u00f3n precisa y actualizada. <\/p>\n\n<p><br\/>\u00abNo pretendemos ser los primeros en decir algo, sino garantizar que lo que decimos es correcto y se basa en hechos verificados\u00bb, se\u00f1al\u00f3 Mel\u00e9ndez durante el debate. \u00abEn medio de esta crisis de la inmigraci\u00f3n, en la que se est\u00e1 explotando el miedo, es esencial generar confianza mediante informaci\u00f3n fiable. Queremos que nuestra comunidad est\u00e9 bien informada y tome decisiones basadas en la verdad.\u00bb <\/p>\n\n<p><br\/>Junto con Adama Bah, Director Ejecutivo de Afri-kana, VIA respondi\u00f3 a preguntas sobre su trabajo para ayudar a las comunidades a superar los retos sist\u00e9micos y combatir la desinformaci\u00f3n. Ambas organizaciones compartieron sus puntos de vista sobre c\u00f3mo la difusi\u00f3n de informaci\u00f3n objetiva ayuda a proteger a los inmigrantes de la manipulaci\u00f3n y les capacita para hacer valer sus derechos.<br\/>El acto concluy\u00f3 con una animada sesi\u00f3n de networking, que permiti\u00f3 a los participantes conectar, compartir experiencias y reforzar los lazos comunitarios que son cruciales para capear el actual caos de la inmigraci\u00f3n. <\/p>\n\n<p><br\/>El codirector de VIA afirma que la organizaci\u00f3n \u00abagradece la oportunidad de estar junto a tantos socios entregados. Mantiene su compromiso de defender la dignidad, los derechos y el empoderamiento de las comunidades inmigrantes de toda la ciudad de Nueva York\u00bb.<\/p>\n\n<p><br\/>Mel\u00e9ndez tambi\u00e9n inform\u00f3 de que VIA ha sido invitada a participar en Welcoming Interactive 2025, que tendr\u00e1 lugar en Detroit, Michigan, del 20 al 22 de mayo de 2025. Esta conferencia nacional bienal re\u00fane a l\u00edderes y organizaciones de todo el pa\u00eds para compartir pr\u00e1cticas de \u00e9xito e historias inspiradoras en torno a la inclusi\u00f3n de los inmigrantes. <\/p>\n\n<p>\u00abComo miembro de la Red Global de Liderazgo del Talento (GTLN), VIA asistir\u00e1 a este encuentro que re\u00fane a voces clave en el campo de la inclusi\u00f3n de los inmigrantes para intercambiar buenas pr\u00e1cticas, fortalecer las redes nacionales e identificar soluciones de colaboraci\u00f3n a los retos compartidos\u00bb, mencion\u00f3 Melendez, quien subray\u00f3 que la presencia de VIA y de otras organizaciones de base en este evento es fundamental para garantizar que las voces de las iniciativas comunitarias dirigidas por inmigrantes formen parte de la conversaci\u00f3n m\u00e1s amplia sobre la inclusi\u00f3n econ\u00f3mica y el desarrollo de pol\u00edticas equitativas. Puedes encontrar m\u00e1s detalles sobre el acto en welcomingamerica.org\/initiatives\/welcoming-interactive. <\/p>\n","protected":false},"excerpt":{"rendered":"<p>El domingo 27 de abril, VIA (Ayuda a Venezolanos e Inmigrantes) particip\u00f3 como ponente local en Resistimos: Justicia de Inmigraci\u00f3n en medio de la confusi\u00f3n, un evento organizado por la Federaci\u00f3n Metodista para la Acci\u00f3n Social de Nueva York. El encuentro tuvo lugar en la Iglesia Metodista Unida de San Pablo y San Andr\u00e9s, y [&hellip;]<\/p>\n","protected":false},"author":2,"featured_media":0,"comment_status":"closed","ping_status":"closed","sticky":false,"template":"","format":"standard","meta":{"_acf_changed":false,"footnotes":""},"categories":[53],"tags":[],"year_of_publication":[87],"class_list":["post-4898","post","type-post","status-publish","format-standard","hentry","category-sin-categorizar","year_of_publication-87"],"acf":[],"yoast_head":"<!-- This site is optimized with the Yoast SEO plugin v27.4 - https:\/\/yoast.com\/product\/yoast-seo-wordpress\/ -->\n<title>VIA une sus fuerzas por la Justicia de Inmigraci\u00f3n en el Panel Comunitario de Nueva York - vianyc.org<\/title>\n<meta name=\"robots\" content=\"index, follow, max-snippet:-1, max-image-preview:large, max-video-preview:-1\" \/>\n<link rel=\"canonical\" href=\"https:\/\/vianyc.org\/es\/via-une-sus-fuerzas-por-la-justicia-de-inmigracion-en-el-panel-comunitario-de-nueva-york\/\" \/>\n<meta property=\"og:locale\" content=\"es_ES\" \/>\n<meta property=\"og:type\" content=\"article\" \/>\n<meta property=\"og:title\" content=\"VIA une sus fuerzas por la Justicia de Inmigraci\u00f3n en el Panel Comunitario de Nueva York - vianyc.org\" \/>\n<meta property=\"og:description\" content=\"El domingo 27 de abril, VIA (Ayuda a Venezolanos e Inmigrantes) particip\u00f3 como ponente local en Resistimos: Justicia de Inmigraci\u00f3n en medio de la confusi\u00f3n, un evento organizado por la Federaci\u00f3n Metodista para la Acci\u00f3n Social de Nueva York. El encuentro tuvo lugar en la Iglesia Metodista Unida de San Pablo y San Andr\u00e9s, y [&hellip;]\" \/>\n<meta property=\"og:url\" content=\"https:\/\/vianyc.org\/es\/via-une-sus-fuerzas-por-la-justicia-de-inmigracion-en-el-panel-comunitario-de-nueva-york\/\" \/>\n<meta property=\"og:site_name\" content=\"vianyc.org\" \/>\n<meta property=\"article:publisher\" content=\"https:\/\/www.facebook.com\/VIANYCOrg\" \/>\n<meta property=\"article:published_time\" content=\"2025-08-13T21:19:59+00:00\" \/>\n<meta property=\"article:modified_time\" content=\"2026-02-03T02:38:51+00:00\" \/>\n<meta name=\"author\" content=\"Jesse Rylander\" \/>\n<meta name=\"twitter:card\" content=\"summary_large_image\" \/>\n<meta name=\"twitter:creator\" content=\"@vianycorg\" \/>\n<meta name=\"twitter:site\" content=\"@vianycorg\" \/>\n<meta name=\"twitter:label1\" content=\"Escrito por\" \/>\n\t<meta name=\"twitter:data1\" content=\"Jesse Rylander\" \/>\n\t<meta name=\"twitter:label2\" content=\"Tiempo de lectura\" \/>\n\t<meta name=\"twitter:data2\" content=\"3 minutos\" \/>\n<script type=\"application\/ld+json\" class=\"yoast-schema-graph\">{\"@context\":\"https:\\\/\\\/schema.org\",\"@graph\":[{\"@type\":\"Article\",\"@id\":\"https:\\\/\\\/vianyc.org\\\/es\\\/via-une-sus-fuerzas-por-la-justicia-de-inmigracion-en-el-panel-comunitario-de-nueva-york\\\/#article\",\"isPartOf\":{\"@id\":\"https:\\\/\\\/vianyc.org\\\/es\\\/via-une-sus-fuerzas-por-la-justicia-de-inmigracion-en-el-panel-comunitario-de-nueva-york\\\/\"},\"author\":{\"name\":\"Jesse Rylander\",\"@id\":\"https:\\\/\\\/vianyc.org\\\/es\\\/#\\\/schema\\\/person\\\/50539724e037a57c3f63516784580ae0\"},\"headline\":\"VIA une sus fuerzas por la Justicia de Inmigraci\u00f3n en el Panel Comunitario de Nueva York\",\"datePublished\":\"2025-08-13T21:19:59+00:00\",\"dateModified\":\"2026-02-03T02:38:51+00:00\",\"mainEntityOfPage\":{\"@id\":\"https:\\\/\\\/vianyc.org\\\/es\\\/via-une-sus-fuerzas-por-la-justicia-de-inmigracion-en-el-panel-comunitario-de-nueva-york\\\/\"},\"wordCount\":569,\"publisher\":{\"@id\":\"https:\\\/\\\/vianyc.org\\\/es\\\/#organization\"},\"articleSection\":[\"Sin categorizar\"],\"inLanguage\":\"es\"},{\"@type\":\"WebPage\",\"@id\":\"https:\\\/\\\/vianyc.org\\\/es\\\/via-une-sus-fuerzas-por-la-justicia-de-inmigracion-en-el-panel-comunitario-de-nueva-york\\\/\",\"url\":\"https:\\\/\\\/vianyc.org\\\/es\\\/via-une-sus-fuerzas-por-la-justicia-de-inmigracion-en-el-panel-comunitario-de-nueva-york\\\/\",\"name\":\"VIA une sus fuerzas por la Justicia de Inmigraci\u00f3n en el Panel Comunitario de Nueva York - vianyc.org\",\"isPartOf\":{\"@id\":\"https:\\\/\\\/vianyc.org\\\/es\\\/#website\"},\"datePublished\":\"2025-08-13T21:19:59+00:00\",\"dateModified\":\"2026-02-03T02:38:51+00:00\",\"inLanguage\":\"es\",\"potentialAction\":[{\"@type\":\"ReadAction\",\"target\":[\"https:\\\/\\\/vianyc.org\\\/es\\\/via-une-sus-fuerzas-por-la-justicia-de-inmigracion-en-el-panel-comunitario-de-nueva-york\\\/\"]}]},{\"@type\":\"WebSite\",\"@id\":\"https:\\\/\\\/vianyc.org\\\/es\\\/#website\",\"url\":\"https:\\\/\\\/vianyc.org\\\/es\\\/\",\"name\":\"Venezuelans and Immigrants Aid\",\"description\":\"\",\"publisher\":{\"@id\":\"https:\\\/\\\/vianyc.org\\\/es\\\/#organization\"},\"potentialAction\":[{\"@type\":\"SearchAction\",\"target\":{\"@type\":\"EntryPoint\",\"urlTemplate\":\"https:\\\/\\\/vianyc.org\\\/es\\\/?s={search_term_string}\"},\"query-input\":{\"@type\":\"PropertyValueSpecification\",\"valueRequired\":true,\"valueName\":\"search_term_string\"}}],\"inLanguage\":\"es\"},{\"@type\":\"Organization\",\"@id\":\"https:\\\/\\\/vianyc.org\\\/es\\\/#organization\",\"name\":\"Venezuelans and Immigrants Aid\",\"url\":\"https:\\\/\\\/vianyc.org\\\/es\\\/\",\"logo\":{\"@type\":\"ImageObject\",\"inLanguage\":\"es\",\"@id\":\"https:\\\/\\\/vianyc.org\\\/es\\\/#\\\/schema\\\/logo\\\/image\\\/\",\"url\":\"https:\\\/\\\/vianyc.org\\\/wp-content\\\/uploads\\\/2025\\\/03\\\/Via-Logo.png\",\"contentUrl\":\"https:\\\/\\\/vianyc.org\\\/wp-content\\\/uploads\\\/2025\\\/03\\\/Via-Logo.png\",\"width\":226,\"height\":76,\"caption\":\"Venezuelans and Immigrants Aid\"},\"image\":{\"@id\":\"https:\\\/\\\/vianyc.org\\\/es\\\/#\\\/schema\\\/logo\\\/image\\\/\"},\"sameAs\":[\"https:\\\/\\\/www.facebook.com\\\/VIANYCOrg\",\"https:\\\/\\\/x.com\\\/vianycorg\",\"https:\\\/\\\/www.instagram.com\\\/vianycorg\\\/\"]},{\"@type\":\"Person\",\"@id\":\"https:\\\/\\\/vianyc.org\\\/es\\\/#\\\/schema\\\/person\\\/50539724e037a57c3f63516784580ae0\",\"name\":\"Jesse Rylander\",\"image\":{\"@type\":\"ImageObject\",\"inLanguage\":\"es\",\"@id\":\"https:\\\/\\\/secure.gravatar.com\\\/avatar\\\/edef27604fda1dd652d60ec2b0323d31c3f59161f408b433ced66f0202f662b8?s=96&d=mm&r=g\",\"url\":\"https:\\\/\\\/secure.gravatar.com\\\/avatar\\\/edef27604fda1dd652d60ec2b0323d31c3f59161f408b433ced66f0202f662b8?s=96&d=mm&r=g\",\"contentUrl\":\"https:\\\/\\\/secure.gravatar.com\\\/avatar\\\/edef27604fda1dd652d60ec2b0323d31c3f59161f408b433ced66f0202f662b8?s=96&d=mm&r=g\",\"caption\":\"Jesse Rylander\"},\"url\":\"https:\\\/\\\/vianyc.org\\\/es\\\/author\\\/jesse\\\/\"}]}<\/script>\n<!-- \/ Yoast SEO plugin. -->","yoast_head_json":{"title":"VIA une sus fuerzas por la Justicia de Inmigraci\u00f3n en el Panel Comunitario de Nueva York - vianyc.org","robots":{"index":"index","follow":"follow","max-snippet":"max-snippet:-1","max-image-preview":"max-image-preview:large","max-video-preview":"max-video-preview:-1"},"canonical":"https:\/\/vianyc.org\/es\/via-une-sus-fuerzas-por-la-justicia-de-inmigracion-en-el-panel-comunitario-de-nueva-york\/","og_locale":"es_ES","og_type":"article","og_title":"VIA une sus fuerzas por la Justicia de Inmigraci\u00f3n en el Panel Comunitario de Nueva York - vianyc.org","og_description":"El domingo 27 de abril, VIA (Ayuda a Venezolanos e Inmigrantes) particip\u00f3 como ponente local en Resistimos: Justicia de Inmigraci\u00f3n en medio de la confusi\u00f3n, un evento organizado por la Federaci\u00f3n Metodista para la Acci\u00f3n Social de Nueva York. El encuentro tuvo lugar en la Iglesia Metodista Unida de San Pablo y San Andr\u00e9s, y [&hellip;]","og_url":"https:\/\/vianyc.org\/es\/via-une-sus-fuerzas-por-la-justicia-de-inmigracion-en-el-panel-comunitario-de-nueva-york\/","og_site_name":"vianyc.org","article_publisher":"https:\/\/www.facebook.com\/VIANYCOrg","article_published_time":"2025-08-13T21:19:59+00:00","article_modified_time":"2026-02-03T02:38:51+00:00","author":"Jesse Rylander","twitter_card":"summary_large_image","twitter_creator":"@vianycorg","twitter_site":"@vianycorg","twitter_misc":{"Escrito por":"Jesse Rylander","Tiempo de lectura":"3 minutos"},"schema":{"@context":"https:\/\/schema.org","@graph":[{"@type":"Article","@id":"https:\/\/vianyc.org\/es\/via-une-sus-fuerzas-por-la-justicia-de-inmigracion-en-el-panel-comunitario-de-nueva-york\/#article","isPartOf":{"@id":"https:\/\/vianyc.org\/es\/via-une-sus-fuerzas-por-la-justicia-de-inmigracion-en-el-panel-comunitario-de-nueva-york\/"},"author":{"name":"Jesse Rylander","@id":"https:\/\/vianyc.org\/es\/#\/schema\/person\/50539724e037a57c3f63516784580ae0"},"headline":"VIA une sus fuerzas por la Justicia de Inmigraci\u00f3n en el Panel Comunitario de Nueva York","datePublished":"2025-08-13T21:19:59+00:00","dateModified":"2026-02-03T02:38:51+00:00","mainEntityOfPage":{"@id":"https:\/\/vianyc.org\/es\/via-une-sus-fuerzas-por-la-justicia-de-inmigracion-en-el-panel-comunitario-de-nueva-york\/"},"wordCount":569,"publisher":{"@id":"https:\/\/vianyc.org\/es\/#organization"},"articleSection":["Sin categorizar"],"inLanguage":"es"},{"@type":"WebPage","@id":"https:\/\/vianyc.org\/es\/via-une-sus-fuerzas-por-la-justicia-de-inmigracion-en-el-panel-comunitario-de-nueva-york\/","url":"https:\/\/vianyc.org\/es\/via-une-sus-fuerzas-por-la-justicia-de-inmigracion-en-el-panel-comunitario-de-nueva-york\/","name":"VIA une sus fuerzas por la Justicia de Inmigraci\u00f3n en el Panel Comunitario de Nueva York - vianyc.org","isPartOf":{"@id":"https:\/\/vianyc.org\/es\/#website"},"datePublished":"2025-08-13T21:19:59+00:00","dateModified":"2026-02-03T02:38:51+00:00","inLanguage":"es","potentialAction":[{"@type":"ReadAction","target":["https:\/\/vianyc.org\/es\/via-une-sus-fuerzas-por-la-justicia-de-inmigracion-en-el-panel-comunitario-de-nueva-york\/"]}]},{"@type":"WebSite","@id":"https:\/\/vianyc.org\/es\/#website","url":"https:\/\/vianyc.org\/es\/","name":"Venezuelans and Immigrants Aid","description":"","publisher":{"@id":"https:\/\/vianyc.org\/es\/#organization"},"potentialAction":[{"@type":"SearchAction","target":{"@type":"EntryPoint","urlTemplate":"https:\/\/vianyc.org\/es\/?s={search_term_string}"},"query-input":{"@type":"PropertyValueSpecification","valueRequired":true,"valueName":"search_term_string"}}],"inLanguage":"es"},{"@type":"Organization","@id":"https:\/\/vianyc.org\/es\/#organization","name":"Venezuelans and Immigrants Aid","url":"https:\/\/vianyc.org\/es\/","logo":{"@type":"ImageObject","inLanguage":"es","@id":"https:\/\/vianyc.org\/es\/#\/schema\/logo\/image\/","url":"https:\/\/vianyc.org\/wp-content\/uploads\/2025\/03\/Via-Logo.png","contentUrl":"https:\/\/vianyc.org\/wp-content\/uploads\/2025\/03\/Via-Logo.png","width":226,"height":76,"caption":"Venezuelans and Immigrants Aid"},"image":{"@id":"https:\/\/vianyc.org\/es\/#\/schema\/logo\/image\/"},"sameAs":["https:\/\/www.facebook.com\/VIANYCOrg","https:\/\/x.com\/vianycorg","https:\/\/www.instagram.com\/vianycorg\/"]},{"@type":"Person","@id":"https:\/\/vianyc.org\/es\/#\/schema\/person\/50539724e037a57c3f63516784580ae0","name":"Jesse Rylander","image":{"@type":"ImageObject","inLanguage":"es","@id":"https:\/\/secure.gravatar.com\/avatar\/edef27604fda1dd652d60ec2b0323d31c3f59161f408b433ced66f0202f662b8?s=96&d=mm&r=g","url":"https:\/\/secure.gravatar.com\/avatar\/edef27604fda1dd652d60ec2b0323d31c3f59161f408b433ced66f0202f662b8?s=96&d=mm&r=g","contentUrl":"https:\/\/secure.gravatar.com\/avatar\/edef27604fda1dd652d60ec2b0323d31c3f59161f408b433ced66f0202f662b8?s=96&d=mm&r=g","caption":"Jesse Rylander"},"url":"https:\/\/vianyc.org\/es\/author\/jesse\/"}]}},"_links":{"self":[{"href":"https:\/\/vianyc.org\/es\/wp-json\/wp\/v2\/posts\/4898","targetHints":{"allow":["GET"]}}],"collection":[{"href":"https:\/\/vianyc.org\/es\/wp-json\/wp\/v2\/posts"}],"about":[{"href":"https:\/\/vianyc.org\/es\/wp-json\/wp\/v2\/types\/post"}],"author":[{"embeddable":true,"href":"https:\/\/vianyc.org\/es\/wp-json\/wp\/v2\/users\/2"}],"replies":[{"embeddable":true,"href":"https:\/\/vianyc.org\/es\/wp-json\/wp\/v2\/comments?post=4898"}],"version-history":[{"count":1,"href":"https:\/\/vianyc.org\/es\/wp-json\/wp\/v2\/posts\/4898\/revisions"}],"predecessor-version":[{"id":4900,"href":"https:\/\/vianyc.org\/es\/wp-json\/wp\/v2\/posts\/4898\/revisions\/4900"}],"wp:attachment":[{"href":"https:\/\/vianyc.org\/es\/wp-json\/wp\/v2\/media?parent=4898"}],"wp:term":[{"taxonomy":"category","embeddable":true,"href":"https:\/\/vianyc.org\/es\/wp-json\/wp\/v2\/categories?post=4898"},{"taxonomy":"post_tag","embeddable":true,"href":"https:\/\/vianyc.org\/es\/wp-json\/wp\/v2\/tags?post=4898"},{"taxonomy":"year_of_publication","embeddable":true,"href":"https:\/\/vianyc.org\/es\/wp-json\/wp\/v2\/year_of_publication?post=4898"}],"curies":[{"name":"wp","href":"https:\/\/api.w.org\/{rel}","templated":true}]}}