{"id":4813,"date":"2025-08-13T02:19:51","date_gmt":"2025-08-13T02:19:51","guid":{"rendered":"https:\/\/vianyc.org\/una-cancion-para-venezuela-actuara-como-concierto-benefico-para-los-inmigrantes\/"},"modified":"2026-02-03T02:38:15","modified_gmt":"2026-02-03T02:38:15","slug":"una-cancion-para-venezuela-actuara-como-concierto-benefico-para-los-inmigrantes","status":"publish","type":"post","link":"https:\/\/vianyc.org\/es\/una-cancion-para-venezuela-actuara-como-concierto-benefico-para-los-inmigrantes\/","title":{"rendered":"\u00abUna Canci\u00f3n para Venezuela\u00bb actuar\u00e1 como Concierto Ben\u00e9fico para los inmigrantes"},"content":{"rendered":"\n<p><br\/>Por primera vez desde su fundaci\u00f3n, el 20 de octubre de 2022, Ayuda a Venezolanos e Inmigrantes (VIA) presentar\u00e1 un concierto de \u00f3pera protagonizado por la reconocida soprano venezolana Mar\u00eda Brea, que estar\u00e1 acompa\u00f1ada por la organizaci\u00f3n Orquestando Sue\u00f1os y la joven cantante Rebeca Marchan.<\/p>\n\n<p>La gala, titulada \u00abUna canci\u00f3n para Venezuela\u00bb, contar\u00e1 con un repertorio especial de canciones dedicadas a ese pa\u00eds y servir\u00e1 como evento de recaudaci\u00f3n de fondos promovido por VIA para reforzar sus programas de apoyo a la comunidad inmigrante venezolana refugiada en la ciudad de Nueva York.<\/p>\n\n<p><\/p>\n\n<p><strong>Venezuela: Una tragedia humanitaria sin precedentes en Am\u00e9rica<\/strong><\/p>\n\n<p>La compleja emergencia humanitaria en Venezuela ha provocado el mayor desplazamiento humano en d\u00e9cadas en el continente americano. Esta situaci\u00f3n ha afectado enormemente a los pa\u00edses de la regi\u00f3n que han acogido a migrantes forzosos que huyen de la situaci\u00f3n en el pa\u00eds sudamericano desde hace m\u00e1s de seis a\u00f1os. Como organizaci\u00f3n sin \u00e1nimo de lucro que apoya a los migrantes forzosos venezolanos en Nueva York, VIA se asocia con organizaciones, instituciones y voluntarios locales para ofrecer programas y actividades a quienes tienen asilo pendiente o aprobado, a los solicitantes del Estatus de Protecci\u00f3n Temporal (TPS) y a quienes se encuentran en el limbo de la inmigraci\u00f3n legal.  <\/p>\n\n<p><\/p>\n\n<p><strong>En busca de apoyo<\/strong><\/p>\n\n<p>Niurka Mel\u00e9ndez y H\u00e9ctor Arguinzones, fundadores de VIA y organizadores del evento, tambi\u00e9n explicaron que durante la gala esperan sensibilizar a fil\u00e1ntropos y simpatizantes de la ciudad de Nueva York sobre la situaci\u00f3n que afecta a los desplazados venezolanos, que pueden hacer donaciones para apoyar las actividades de VIA. Mel\u00e9ndez y Arguinzones expresaron su agradecimiento a Mar\u00eda Brea por apoyar la labor de esta ONG. <\/p>\n\n<p>\u00abPor una noche, su voz ser\u00e1 nuestra voz. Queremos llegar m\u00e1s alto y m\u00e1s lejos para seguir concienciando sobre la situaci\u00f3n de Venezuela y los retos a los que se enfrentan sus desplazados en todo el mundo. \u00ab<\/p>\n\n<p>\u00abUna canci\u00f3n para Venezuela\u00bb tendr\u00e1 lugar el 20 de octubre, a las 20:00 horas, en la iglesia cat\u00f3lica Corpus Christi, 529 West 121st Street de Nueva York. Para m\u00e1s informaci\u00f3n, visita el sitio web www.vianyc.org\/concert o las redes sociales de la organizaci\u00f3n en www.instagram.com\/vianycorg. <\/p>\n\n<p><\/p>\n","protected":false},"excerpt":{"rendered":"<p>Por primera vez desde su fundaci\u00f3n, el 20 de octubre de 2022, Ayuda a Venezolanos e Inmigrantes (VIA) presentar\u00e1 un concierto de \u00f3pera protagonizado por la reconocida soprano venezolana Mar\u00eda Brea, que estar\u00e1 acompa\u00f1ada por la organizaci\u00f3n Orquestando Sue\u00f1os y la joven cantante Rebeca Marchan. La gala, titulada \u00abUna canci\u00f3n para Venezuela\u00bb, contar\u00e1 con un [&hellip;]<\/p>\n","protected":false},"author":2,"featured_media":0,"comment_status":"closed","ping_status":"closed","sticky":false,"template":"","format":"standard","meta":{"_acf_changed":false,"footnotes":""},"categories":[53],"tags":[],"year_of_publication":[45],"class_list":["post-4813","post","type-post","status-publish","format-standard","hentry","category-sin-categorizar","year_of_publication-45"],"acf":[],"yoast_head":"<!-- This site is optimized with the Yoast SEO plugin v27.4 - https:\/\/yoast.com\/product\/yoast-seo-wordpress\/ -->\n<title>&quot;Una Canci\u00f3n para Venezuela&quot; actuar\u00e1 como Concierto Ben\u00e9fico para los inmigrantes - vianyc.org<\/title>\n<meta name=\"robots\" content=\"index, follow, max-snippet:-1, max-image-preview:large, max-video-preview:-1\" \/>\n<link rel=\"canonical\" href=\"https:\/\/vianyc.org\/es\/una-cancion-para-venezuela-actuara-como-concierto-benefico-para-los-inmigrantes\/\" \/>\n<meta property=\"og:locale\" content=\"es_ES\" \/>\n<meta property=\"og:type\" content=\"article\" \/>\n<meta property=\"og:title\" content=\"&quot;Una Canci\u00f3n para Venezuela&quot; actuar\u00e1 como Concierto Ben\u00e9fico para los inmigrantes - vianyc.org\" \/>\n<meta property=\"og:description\" content=\"Por primera vez desde su fundaci\u00f3n, el 20 de octubre de 2022, Ayuda a Venezolanos e Inmigrantes (VIA) presentar\u00e1 un concierto de \u00f3pera protagonizado por la reconocida soprano venezolana Mar\u00eda Brea, que estar\u00e1 acompa\u00f1ada por la organizaci\u00f3n Orquestando Sue\u00f1os y la joven cantante Rebeca Marchan. La gala, titulada \u00abUna canci\u00f3n para Venezuela\u00bb, contar\u00e1 con un [&hellip;]\" \/>\n<meta property=\"og:url\" content=\"https:\/\/vianyc.org\/es\/una-cancion-para-venezuela-actuara-como-concierto-benefico-para-los-inmigrantes\/\" \/>\n<meta property=\"og:site_name\" content=\"vianyc.org\" \/>\n<meta property=\"article:publisher\" content=\"https:\/\/www.facebook.com\/VIANYCOrg\" \/>\n<meta property=\"article:published_time\" content=\"2025-08-13T02:19:51+00:00\" \/>\n<meta property=\"article:modified_time\" content=\"2026-02-03T02:38:15+00:00\" \/>\n<meta name=\"author\" content=\"Jesse Rylander\" \/>\n<meta name=\"twitter:card\" content=\"summary_large_image\" \/>\n<meta name=\"twitter:creator\" content=\"@vianycorg\" \/>\n<meta name=\"twitter:site\" content=\"@vianycorg\" \/>\n<meta name=\"twitter:label1\" content=\"Escrito por\" \/>\n\t<meta name=\"twitter:data1\" content=\"Jesse Rylander\" \/>\n\t<meta name=\"twitter:label2\" content=\"Tiempo de lectura\" \/>\n\t<meta name=\"twitter:data2\" content=\"2 minutos\" \/>\n<script type=\"application\/ld+json\" class=\"yoast-schema-graph\">{\"@context\":\"https:\\\/\\\/schema.org\",\"@graph\":[{\"@type\":\"Article\",\"@id\":\"https:\\\/\\\/vianyc.org\\\/es\\\/una-cancion-para-venezuela-actuara-como-concierto-benefico-para-los-inmigrantes\\\/#article\",\"isPartOf\":{\"@id\":\"https:\\\/\\\/vianyc.org\\\/es\\\/una-cancion-para-venezuela-actuara-como-concierto-benefico-para-los-inmigrantes\\\/\"},\"author\":{\"name\":\"Jesse Rylander\",\"@id\":\"https:\\\/\\\/vianyc.org\\\/es\\\/#\\\/schema\\\/person\\\/50539724e037a57c3f63516784580ae0\"},\"headline\":\"\u00abUna Canci\u00f3n para Venezuela\u00bb actuar\u00e1 como Concierto Ben\u00e9fico para los inmigrantes\",\"datePublished\":\"2025-08-13T02:19:51+00:00\",\"dateModified\":\"2026-02-03T02:38:15+00:00\",\"mainEntityOfPage\":{\"@id\":\"https:\\\/\\\/vianyc.org\\\/es\\\/una-cancion-para-venezuela-actuara-como-concierto-benefico-para-los-inmigrantes\\\/\"},\"wordCount\":407,\"publisher\":{\"@id\":\"https:\\\/\\\/vianyc.org\\\/es\\\/#organization\"},\"articleSection\":[\"Sin categorizar\"],\"inLanguage\":\"es\"},{\"@type\":\"WebPage\",\"@id\":\"https:\\\/\\\/vianyc.org\\\/es\\\/una-cancion-para-venezuela-actuara-como-concierto-benefico-para-los-inmigrantes\\\/\",\"url\":\"https:\\\/\\\/vianyc.org\\\/es\\\/una-cancion-para-venezuela-actuara-como-concierto-benefico-para-los-inmigrantes\\\/\",\"name\":\"\\\"Una Canci\u00f3n para Venezuela\\\" actuar\u00e1 como Concierto Ben\u00e9fico para los inmigrantes - vianyc.org\",\"isPartOf\":{\"@id\":\"https:\\\/\\\/vianyc.org\\\/es\\\/#website\"},\"datePublished\":\"2025-08-13T02:19:51+00:00\",\"dateModified\":\"2026-02-03T02:38:15+00:00\",\"inLanguage\":\"es\",\"potentialAction\":[{\"@type\":\"ReadAction\",\"target\":[\"https:\\\/\\\/vianyc.org\\\/es\\\/una-cancion-para-venezuela-actuara-como-concierto-benefico-para-los-inmigrantes\\\/\"]}]},{\"@type\":\"WebSite\",\"@id\":\"https:\\\/\\\/vianyc.org\\\/es\\\/#website\",\"url\":\"https:\\\/\\\/vianyc.org\\\/es\\\/\",\"name\":\"Venezuelans and Immigrants Aid\",\"description\":\"\",\"publisher\":{\"@id\":\"https:\\\/\\\/vianyc.org\\\/es\\\/#organization\"},\"potentialAction\":[{\"@type\":\"SearchAction\",\"target\":{\"@type\":\"EntryPoint\",\"urlTemplate\":\"https:\\\/\\\/vianyc.org\\\/es\\\/?s={search_term_string}\"},\"query-input\":{\"@type\":\"PropertyValueSpecification\",\"valueRequired\":true,\"valueName\":\"search_term_string\"}}],\"inLanguage\":\"es\"},{\"@type\":\"Organization\",\"@id\":\"https:\\\/\\\/vianyc.org\\\/es\\\/#organization\",\"name\":\"Venezuelans and Immigrants Aid\",\"url\":\"https:\\\/\\\/vianyc.org\\\/es\\\/\",\"logo\":{\"@type\":\"ImageObject\",\"inLanguage\":\"es\",\"@id\":\"https:\\\/\\\/vianyc.org\\\/es\\\/#\\\/schema\\\/logo\\\/image\\\/\",\"url\":\"https:\\\/\\\/vianyc.org\\\/wp-content\\\/uploads\\\/2025\\\/03\\\/Via-Logo.png\",\"contentUrl\":\"https:\\\/\\\/vianyc.org\\\/wp-content\\\/uploads\\\/2025\\\/03\\\/Via-Logo.png\",\"width\":226,\"height\":76,\"caption\":\"Venezuelans and Immigrants Aid\"},\"image\":{\"@id\":\"https:\\\/\\\/vianyc.org\\\/es\\\/#\\\/schema\\\/logo\\\/image\\\/\"},\"sameAs\":[\"https:\\\/\\\/www.facebook.com\\\/VIANYCOrg\",\"https:\\\/\\\/x.com\\\/vianycorg\",\"https:\\\/\\\/www.instagram.com\\\/vianycorg\\\/\"]},{\"@type\":\"Person\",\"@id\":\"https:\\\/\\\/vianyc.org\\\/es\\\/#\\\/schema\\\/person\\\/50539724e037a57c3f63516784580ae0\",\"name\":\"Jesse Rylander\",\"image\":{\"@type\":\"ImageObject\",\"inLanguage\":\"es\",\"@id\":\"https:\\\/\\\/secure.gravatar.com\\\/avatar\\\/edef27604fda1dd652d60ec2b0323d31c3f59161f408b433ced66f0202f662b8?s=96&d=mm&r=g\",\"url\":\"https:\\\/\\\/secure.gravatar.com\\\/avatar\\\/edef27604fda1dd652d60ec2b0323d31c3f59161f408b433ced66f0202f662b8?s=96&d=mm&r=g\",\"contentUrl\":\"https:\\\/\\\/secure.gravatar.com\\\/avatar\\\/edef27604fda1dd652d60ec2b0323d31c3f59161f408b433ced66f0202f662b8?s=96&d=mm&r=g\",\"caption\":\"Jesse Rylander\"},\"url\":\"https:\\\/\\\/vianyc.org\\\/es\\\/author\\\/jesse\\\/\"}]}<\/script>\n<!-- \/ Yoast SEO plugin. -->","yoast_head_json":{"title":"\"Una Canci\u00f3n para Venezuela\" actuar\u00e1 como Concierto Ben\u00e9fico para los inmigrantes - vianyc.org","robots":{"index":"index","follow":"follow","max-snippet":"max-snippet:-1","max-image-preview":"max-image-preview:large","max-video-preview":"max-video-preview:-1"},"canonical":"https:\/\/vianyc.org\/es\/una-cancion-para-venezuela-actuara-como-concierto-benefico-para-los-inmigrantes\/","og_locale":"es_ES","og_type":"article","og_title":"\"Una Canci\u00f3n para Venezuela\" actuar\u00e1 como Concierto Ben\u00e9fico para los inmigrantes - vianyc.org","og_description":"Por primera vez desde su fundaci\u00f3n, el 20 de octubre de 2022, Ayuda a Venezolanos e Inmigrantes (VIA) presentar\u00e1 un concierto de \u00f3pera protagonizado por la reconocida soprano venezolana Mar\u00eda Brea, que estar\u00e1 acompa\u00f1ada por la organizaci\u00f3n Orquestando Sue\u00f1os y la joven cantante Rebeca Marchan. La gala, titulada \u00abUna canci\u00f3n para Venezuela\u00bb, contar\u00e1 con un [&hellip;]","og_url":"https:\/\/vianyc.org\/es\/una-cancion-para-venezuela-actuara-como-concierto-benefico-para-los-inmigrantes\/","og_site_name":"vianyc.org","article_publisher":"https:\/\/www.facebook.com\/VIANYCOrg","article_published_time":"2025-08-13T02:19:51+00:00","article_modified_time":"2026-02-03T02:38:15+00:00","author":"Jesse Rylander","twitter_card":"summary_large_image","twitter_creator":"@vianycorg","twitter_site":"@vianycorg","twitter_misc":{"Escrito por":"Jesse Rylander","Tiempo de lectura":"2 minutos"},"schema":{"@context":"https:\/\/schema.org","@graph":[{"@type":"Article","@id":"https:\/\/vianyc.org\/es\/una-cancion-para-venezuela-actuara-como-concierto-benefico-para-los-inmigrantes\/#article","isPartOf":{"@id":"https:\/\/vianyc.org\/es\/una-cancion-para-venezuela-actuara-como-concierto-benefico-para-los-inmigrantes\/"},"author":{"name":"Jesse Rylander","@id":"https:\/\/vianyc.org\/es\/#\/schema\/person\/50539724e037a57c3f63516784580ae0"},"headline":"\u00abUna Canci\u00f3n para Venezuela\u00bb actuar\u00e1 como Concierto Ben\u00e9fico para los inmigrantes","datePublished":"2025-08-13T02:19:51+00:00","dateModified":"2026-02-03T02:38:15+00:00","mainEntityOfPage":{"@id":"https:\/\/vianyc.org\/es\/una-cancion-para-venezuela-actuara-como-concierto-benefico-para-los-inmigrantes\/"},"wordCount":407,"publisher":{"@id":"https:\/\/vianyc.org\/es\/#organization"},"articleSection":["Sin categorizar"],"inLanguage":"es"},{"@type":"WebPage","@id":"https:\/\/vianyc.org\/es\/una-cancion-para-venezuela-actuara-como-concierto-benefico-para-los-inmigrantes\/","url":"https:\/\/vianyc.org\/es\/una-cancion-para-venezuela-actuara-como-concierto-benefico-para-los-inmigrantes\/","name":"\"Una Canci\u00f3n para Venezuela\" actuar\u00e1 como Concierto Ben\u00e9fico para los inmigrantes - vianyc.org","isPartOf":{"@id":"https:\/\/vianyc.org\/es\/#website"},"datePublished":"2025-08-13T02:19:51+00:00","dateModified":"2026-02-03T02:38:15+00:00","inLanguage":"es","potentialAction":[{"@type":"ReadAction","target":["https:\/\/vianyc.org\/es\/una-cancion-para-venezuela-actuara-como-concierto-benefico-para-los-inmigrantes\/"]}]},{"@type":"WebSite","@id":"https:\/\/vianyc.org\/es\/#website","url":"https:\/\/vianyc.org\/es\/","name":"Venezuelans and Immigrants Aid","description":"","publisher":{"@id":"https:\/\/vianyc.org\/es\/#organization"},"potentialAction":[{"@type":"SearchAction","target":{"@type":"EntryPoint","urlTemplate":"https:\/\/vianyc.org\/es\/?s={search_term_string}"},"query-input":{"@type":"PropertyValueSpecification","valueRequired":true,"valueName":"search_term_string"}}],"inLanguage":"es"},{"@type":"Organization","@id":"https:\/\/vianyc.org\/es\/#organization","name":"Venezuelans and Immigrants Aid","url":"https:\/\/vianyc.org\/es\/","logo":{"@type":"ImageObject","inLanguage":"es","@id":"https:\/\/vianyc.org\/es\/#\/schema\/logo\/image\/","url":"https:\/\/vianyc.org\/wp-content\/uploads\/2025\/03\/Via-Logo.png","contentUrl":"https:\/\/vianyc.org\/wp-content\/uploads\/2025\/03\/Via-Logo.png","width":226,"height":76,"caption":"Venezuelans and Immigrants Aid"},"image":{"@id":"https:\/\/vianyc.org\/es\/#\/schema\/logo\/image\/"},"sameAs":["https:\/\/www.facebook.com\/VIANYCOrg","https:\/\/x.com\/vianycorg","https:\/\/www.instagram.com\/vianycorg\/"]},{"@type":"Person","@id":"https:\/\/vianyc.org\/es\/#\/schema\/person\/50539724e037a57c3f63516784580ae0","name":"Jesse Rylander","image":{"@type":"ImageObject","inLanguage":"es","@id":"https:\/\/secure.gravatar.com\/avatar\/edef27604fda1dd652d60ec2b0323d31c3f59161f408b433ced66f0202f662b8?s=96&d=mm&r=g","url":"https:\/\/secure.gravatar.com\/avatar\/edef27604fda1dd652d60ec2b0323d31c3f59161f408b433ced66f0202f662b8?s=96&d=mm&r=g","contentUrl":"https:\/\/secure.gravatar.com\/avatar\/edef27604fda1dd652d60ec2b0323d31c3f59161f408b433ced66f0202f662b8?s=96&d=mm&r=g","caption":"Jesse Rylander"},"url":"https:\/\/vianyc.org\/es\/author\/jesse\/"}]}},"_links":{"self":[{"href":"https:\/\/vianyc.org\/es\/wp-json\/wp\/v2\/posts\/4813","targetHints":{"allow":["GET"]}}],"collection":[{"href":"https:\/\/vianyc.org\/es\/wp-json\/wp\/v2\/posts"}],"about":[{"href":"https:\/\/vianyc.org\/es\/wp-json\/wp\/v2\/types\/post"}],"author":[{"embeddable":true,"href":"https:\/\/vianyc.org\/es\/wp-json\/wp\/v2\/users\/2"}],"replies":[{"embeddable":true,"href":"https:\/\/vianyc.org\/es\/wp-json\/wp\/v2\/comments?post=4813"}],"version-history":[{"count":1,"href":"https:\/\/vianyc.org\/es\/wp-json\/wp\/v2\/posts\/4813\/revisions"}],"predecessor-version":[{"id":4814,"href":"https:\/\/vianyc.org\/es\/wp-json\/wp\/v2\/posts\/4813\/revisions\/4814"}],"wp:attachment":[{"href":"https:\/\/vianyc.org\/es\/wp-json\/wp\/v2\/media?parent=4813"}],"wp:term":[{"taxonomy":"category","embeddable":true,"href":"https:\/\/vianyc.org\/es\/wp-json\/wp\/v2\/categories?post=4813"},{"taxonomy":"post_tag","embeddable":true,"href":"https:\/\/vianyc.org\/es\/wp-json\/wp\/v2\/tags?post=4813"},{"taxonomy":"year_of_publication","embeddable":true,"href":"https:\/\/vianyc.org\/es\/wp-json\/wp\/v2\/year_of_publication?post=4813"}],"curies":[{"name":"wp","href":"https:\/\/api.w.org\/{rel}","templated":true}]}}