{"id":4806,"date":"2025-08-13T14:45:43","date_gmt":"2025-08-13T14:45:43","guid":{"rendered":"https:\/\/vianyc.org\/a-traves-de-seis-programas-integrales-en-2023-y-el-primer-semestre-de-2024-via-capacita-a-casi-20-000-migrantes-2\/"},"modified":"2026-02-03T02:38:13","modified_gmt":"2026-02-03T02:38:13","slug":"a-traves-de-seis-programas-integrales-en-2023-y-el-primer-semestre-de-2024-via-capacita-a-casi-20-000-migrantes-2","status":"publish","type":"post","link":"https:\/\/vianyc.org\/es\/a-traves-de-seis-programas-integrales-en-2023-y-el-primer-semestre-de-2024-via-capacita-a-casi-20-000-migrantes-2\/","title":{"rendered":"A trav\u00e9s de Seis Programas Integrales en 2023 y el primer semestre de 2024: VIA capacita a casi 20.000 migrantes"},"content":{"rendered":"\n<p>Ayuda a Venezolanos e Inmigrantes (VIA) se enorgullece de anunciar que, entre 2023 y el primer semestre de 2024, ha atendido con \u00e9xito a casi 20.000 personas a trav\u00e9s de sus diversos programas de apoyo y divulgaci\u00f3n. Este hito subraya la inquebrantable dedicaci\u00f3n de VIA a ayudar a las personas desplazadas y solicitantes de asilo a integrarse en Estados Unidos. Es esencial se\u00f1alar que estas cifras no tienen en cuenta el amplio alcance y la participaci\u00f3n que conseguimos a trav\u00e9s de nuestros canales en las redes sociales.  <\/p>\n\n<p><br\/><strong>Crecimiento significativo en 2024<\/strong><br\/>S\u00f3lo en el primer semestre de 2024, la VIA ampli\u00f3 significativamente sus esfuerzos, llegando a 6.500 personas a trav\u00e9s de 106 actos. Estos eventos abarcan una amplia gama de actividades dise\u00f1adas para apoyar y empoderar a las personas desplazadas. Entre las actividades m\u00e1s destacadas del primer semestre de 2024 se incluyen 24 Orientaciones Jur\u00eddicas, que proporcionaron informaci\u00f3n y asistencia jur\u00eddica esencial para ayudar a las personas a navegar por las complejidades de la ley de inmigraci\u00f3n.  <\/p>\n\n<p><br\/>Adem\u00e1s, los migrantes se beneficiaron de 15 seminarios web educativos que ofrecieron valiosos conocimientos y habilidades para apoyar el desarrollo personal y profesional; 17 actividades comunitarias de apoyo entre iguales en las que fomentaron un sentimiento de comunidad y apoyo mutuo entre personas desplazadas; 29 sesiones de ingl\u00e9s en l\u00ednea que mejoraron sus conocimientos ling\u00fc\u00edsticos para una integraci\u00f3n y un empleo satisfactorios; y seis actos culturales y recreativos que promovieron el intercambio cultural y las actividades recreativas para apoyar el bienestar y la integraci\u00f3n social.<\/p>\n\n<p><strong>Los logros de 2023<\/strong><br\/>En 2023, VIA lleg\u00f3 a 13.008 personas a trav\u00e9s de 210 eventos, lo que demuestra un compromiso constante e impactante con la comunidad. Estos actos han sido fundamentales para prestar servicios esenciales y fomentar un entorno de apoyo a quienes buscan protecci\u00f3n humanitaria en Estados Unidos. <\/p>\n\n<p><br\/><strong>Compromiso con el<\/strong>empoderamiento <strong><br\/> H\u00e9ctor Arguinzones, fundador y director de VIA, expres\u00f3 su orgullo y una profunda felicidad por estos logros, afirmando: \u00abNuestra diversa gama de programas y eventos subraya nuestro compromiso con el empoderamiento de las personas desplazadas. Seguimos dedicados a nuestra misi\u00f3n y esperamos continuar nuestros esfuerzos para apoyar y elevar a los necesitados.\u00bb<\/strong><\/p>\n\n<p><br\/>Mientras VIA sigue ampliando su alcance e impacto, sigue comprometida con su misi\u00f3n de proporcionar protecci\u00f3n y apoyo humanitario a las personas desplazadas de Venezuela y de todo el mundo.<\/p>\n","protected":false},"excerpt":{"rendered":"<p>Ayuda a Venezolanos e Inmigrantes (VIA) se enorgullece de anunciar que, entre 2023 y el primer semestre de 2024, ha atendido con \u00e9xito a casi 20.000 personas a trav\u00e9s de sus diversos programas de apoyo y divulgaci\u00f3n. Este hito subraya la inquebrantable dedicaci\u00f3n de VIA a ayudar a las personas desplazadas y solicitantes de asilo [&hellip;]<\/p>\n","protected":false},"author":2,"featured_media":0,"comment_status":"closed","ping_status":"closed","sticky":false,"template":"","format":"standard","meta":{"_acf_changed":false,"footnotes":""},"categories":[53],"tags":[],"year_of_publication":[47],"class_list":["post-4806","post","type-post","status-publish","format-standard","hentry","category-sin-categorizar","year_of_publication-47"],"acf":[],"yoast_head":"<!-- This site is optimized with the Yoast SEO plugin v27.4 - https:\/\/yoast.com\/product\/yoast-seo-wordpress\/ -->\n<title>A trav\u00e9s de Seis Programas Integrales en 2023 y el primer semestre de 2024: VIA capacita a casi 20.000 migrantes - vianyc.org<\/title>\n<meta name=\"robots\" content=\"index, follow, max-snippet:-1, max-image-preview:large, max-video-preview:-1\" \/>\n<link rel=\"canonical\" href=\"https:\/\/vianyc.org\/es\/a-traves-de-seis-programas-integrales-en-2023-y-el-primer-semestre-de-2024-via-capacita-a-casi-20-000-migrantes-2\/\" \/>\n<meta property=\"og:locale\" content=\"es_ES\" \/>\n<meta property=\"og:type\" content=\"article\" \/>\n<meta property=\"og:title\" content=\"A trav\u00e9s de Seis Programas Integrales en 2023 y el primer semestre de 2024: VIA capacita a casi 20.000 migrantes - vianyc.org\" \/>\n<meta property=\"og:description\" content=\"Ayuda a Venezolanos e Inmigrantes (VIA) se enorgullece de anunciar que, entre 2023 y el primer semestre de 2024, ha atendido con \u00e9xito a casi 20.000 personas a trav\u00e9s de sus diversos programas de apoyo y divulgaci\u00f3n. Este hito subraya la inquebrantable dedicaci\u00f3n de VIA a ayudar a las personas desplazadas y solicitantes de asilo [&hellip;]\" \/>\n<meta property=\"og:url\" content=\"https:\/\/vianyc.org\/es\/a-traves-de-seis-programas-integrales-en-2023-y-el-primer-semestre-de-2024-via-capacita-a-casi-20-000-migrantes-2\/\" \/>\n<meta property=\"og:site_name\" content=\"vianyc.org\" \/>\n<meta property=\"article:publisher\" content=\"https:\/\/www.facebook.com\/VIANYCOrg\" \/>\n<meta property=\"article:published_time\" content=\"2025-08-13T14:45:43+00:00\" \/>\n<meta property=\"article:modified_time\" content=\"2026-02-03T02:38:13+00:00\" \/>\n<meta name=\"author\" content=\"Jesse Rylander\" \/>\n<meta name=\"twitter:card\" content=\"summary_large_image\" \/>\n<meta name=\"twitter:creator\" content=\"@vianycorg\" \/>\n<meta name=\"twitter:site\" content=\"@vianycorg\" \/>\n<meta name=\"twitter:label1\" content=\"Escrito por\" \/>\n\t<meta name=\"twitter:data1\" content=\"Jesse Rylander\" \/>\n\t<meta name=\"twitter:label2\" content=\"Tiempo de lectura\" \/>\n\t<meta name=\"twitter:data2\" content=\"2 minutos\" \/>\n<script type=\"application\/ld+json\" class=\"yoast-schema-graph\">{\"@context\":\"https:\\\/\\\/schema.org\",\"@graph\":[{\"@type\":\"Article\",\"@id\":\"https:\\\/\\\/vianyc.org\\\/es\\\/a-traves-de-seis-programas-integrales-en-2023-y-el-primer-semestre-de-2024-via-capacita-a-casi-20-000-migrantes-2\\\/#article\",\"isPartOf\":{\"@id\":\"https:\\\/\\\/vianyc.org\\\/es\\\/a-traves-de-seis-programas-integrales-en-2023-y-el-primer-semestre-de-2024-via-capacita-a-casi-20-000-migrantes-2\\\/\"},\"author\":{\"name\":\"Jesse Rylander\",\"@id\":\"https:\\\/\\\/vianyc.org\\\/es\\\/#\\\/schema\\\/person\\\/50539724e037a57c3f63516784580ae0\"},\"headline\":\"A trav\u00e9s de Seis Programas Integrales en 2023 y el primer semestre de 2024: VIA capacita a casi 20.000 migrantes\",\"datePublished\":\"2025-08-13T14:45:43+00:00\",\"dateModified\":\"2026-02-03T02:38:13+00:00\",\"mainEntityOfPage\":{\"@id\":\"https:\\\/\\\/vianyc.org\\\/es\\\/a-traves-de-seis-programas-integrales-en-2023-y-el-primer-semestre-de-2024-via-capacita-a-casi-20-000-migrantes-2\\\/\"},\"wordCount\":415,\"publisher\":{\"@id\":\"https:\\\/\\\/vianyc.org\\\/es\\\/#organization\"},\"articleSection\":[\"Sin categorizar\"],\"inLanguage\":\"es\"},{\"@type\":\"WebPage\",\"@id\":\"https:\\\/\\\/vianyc.org\\\/es\\\/a-traves-de-seis-programas-integrales-en-2023-y-el-primer-semestre-de-2024-via-capacita-a-casi-20-000-migrantes-2\\\/\",\"url\":\"https:\\\/\\\/vianyc.org\\\/es\\\/a-traves-de-seis-programas-integrales-en-2023-y-el-primer-semestre-de-2024-via-capacita-a-casi-20-000-migrantes-2\\\/\",\"name\":\"A trav\u00e9s de Seis Programas Integrales en 2023 y el primer semestre de 2024: VIA capacita a casi 20.000 migrantes - vianyc.org\",\"isPartOf\":{\"@id\":\"https:\\\/\\\/vianyc.org\\\/es\\\/#website\"},\"datePublished\":\"2025-08-13T14:45:43+00:00\",\"dateModified\":\"2026-02-03T02:38:13+00:00\",\"inLanguage\":\"es\",\"potentialAction\":[{\"@type\":\"ReadAction\",\"target\":[\"https:\\\/\\\/vianyc.org\\\/es\\\/a-traves-de-seis-programas-integrales-en-2023-y-el-primer-semestre-de-2024-via-capacita-a-casi-20-000-migrantes-2\\\/\"]}]},{\"@type\":\"WebSite\",\"@id\":\"https:\\\/\\\/vianyc.org\\\/es\\\/#website\",\"url\":\"https:\\\/\\\/vianyc.org\\\/es\\\/\",\"name\":\"Venezuelans and Immigrants Aid\",\"description\":\"\",\"publisher\":{\"@id\":\"https:\\\/\\\/vianyc.org\\\/es\\\/#organization\"},\"potentialAction\":[{\"@type\":\"SearchAction\",\"target\":{\"@type\":\"EntryPoint\",\"urlTemplate\":\"https:\\\/\\\/vianyc.org\\\/es\\\/?s={search_term_string}\"},\"query-input\":{\"@type\":\"PropertyValueSpecification\",\"valueRequired\":true,\"valueName\":\"search_term_string\"}}],\"inLanguage\":\"es\"},{\"@type\":\"Organization\",\"@id\":\"https:\\\/\\\/vianyc.org\\\/es\\\/#organization\",\"name\":\"Venezuelans and Immigrants Aid\",\"url\":\"https:\\\/\\\/vianyc.org\\\/es\\\/\",\"logo\":{\"@type\":\"ImageObject\",\"inLanguage\":\"es\",\"@id\":\"https:\\\/\\\/vianyc.org\\\/es\\\/#\\\/schema\\\/logo\\\/image\\\/\",\"url\":\"https:\\\/\\\/vianyc.org\\\/wp-content\\\/uploads\\\/2025\\\/03\\\/Via-Logo.png\",\"contentUrl\":\"https:\\\/\\\/vianyc.org\\\/wp-content\\\/uploads\\\/2025\\\/03\\\/Via-Logo.png\",\"width\":226,\"height\":76,\"caption\":\"Venezuelans and Immigrants Aid\"},\"image\":{\"@id\":\"https:\\\/\\\/vianyc.org\\\/es\\\/#\\\/schema\\\/logo\\\/image\\\/\"},\"sameAs\":[\"https:\\\/\\\/www.facebook.com\\\/VIANYCOrg\",\"https:\\\/\\\/x.com\\\/vianycorg\",\"https:\\\/\\\/www.instagram.com\\\/vianycorg\\\/\"]},{\"@type\":\"Person\",\"@id\":\"https:\\\/\\\/vianyc.org\\\/es\\\/#\\\/schema\\\/person\\\/50539724e037a57c3f63516784580ae0\",\"name\":\"Jesse Rylander\",\"image\":{\"@type\":\"ImageObject\",\"inLanguage\":\"es\",\"@id\":\"https:\\\/\\\/secure.gravatar.com\\\/avatar\\\/edef27604fda1dd652d60ec2b0323d31c3f59161f408b433ced66f0202f662b8?s=96&d=mm&r=g\",\"url\":\"https:\\\/\\\/secure.gravatar.com\\\/avatar\\\/edef27604fda1dd652d60ec2b0323d31c3f59161f408b433ced66f0202f662b8?s=96&d=mm&r=g\",\"contentUrl\":\"https:\\\/\\\/secure.gravatar.com\\\/avatar\\\/edef27604fda1dd652d60ec2b0323d31c3f59161f408b433ced66f0202f662b8?s=96&d=mm&r=g\",\"caption\":\"Jesse Rylander\"},\"url\":\"https:\\\/\\\/vianyc.org\\\/es\\\/author\\\/jesse\\\/\"}]}<\/script>\n<!-- \/ Yoast SEO plugin. -->","yoast_head_json":{"title":"A trav\u00e9s de Seis Programas Integrales en 2023 y el primer semestre de 2024: VIA capacita a casi 20.000 migrantes - vianyc.org","robots":{"index":"index","follow":"follow","max-snippet":"max-snippet:-1","max-image-preview":"max-image-preview:large","max-video-preview":"max-video-preview:-1"},"canonical":"https:\/\/vianyc.org\/es\/a-traves-de-seis-programas-integrales-en-2023-y-el-primer-semestre-de-2024-via-capacita-a-casi-20-000-migrantes-2\/","og_locale":"es_ES","og_type":"article","og_title":"A trav\u00e9s de Seis Programas Integrales en 2023 y el primer semestre de 2024: VIA capacita a casi 20.000 migrantes - vianyc.org","og_description":"Ayuda a Venezolanos e Inmigrantes (VIA) se enorgullece de anunciar que, entre 2023 y el primer semestre de 2024, ha atendido con \u00e9xito a casi 20.000 personas a trav\u00e9s de sus diversos programas de apoyo y divulgaci\u00f3n. Este hito subraya la inquebrantable dedicaci\u00f3n de VIA a ayudar a las personas desplazadas y solicitantes de asilo [&hellip;]","og_url":"https:\/\/vianyc.org\/es\/a-traves-de-seis-programas-integrales-en-2023-y-el-primer-semestre-de-2024-via-capacita-a-casi-20-000-migrantes-2\/","og_site_name":"vianyc.org","article_publisher":"https:\/\/www.facebook.com\/VIANYCOrg","article_published_time":"2025-08-13T14:45:43+00:00","article_modified_time":"2026-02-03T02:38:13+00:00","author":"Jesse Rylander","twitter_card":"summary_large_image","twitter_creator":"@vianycorg","twitter_site":"@vianycorg","twitter_misc":{"Escrito por":"Jesse Rylander","Tiempo de lectura":"2 minutos"},"schema":{"@context":"https:\/\/schema.org","@graph":[{"@type":"Article","@id":"https:\/\/vianyc.org\/es\/a-traves-de-seis-programas-integrales-en-2023-y-el-primer-semestre-de-2024-via-capacita-a-casi-20-000-migrantes-2\/#article","isPartOf":{"@id":"https:\/\/vianyc.org\/es\/a-traves-de-seis-programas-integrales-en-2023-y-el-primer-semestre-de-2024-via-capacita-a-casi-20-000-migrantes-2\/"},"author":{"name":"Jesse Rylander","@id":"https:\/\/vianyc.org\/es\/#\/schema\/person\/50539724e037a57c3f63516784580ae0"},"headline":"A trav\u00e9s de Seis Programas Integrales en 2023 y el primer semestre de 2024: VIA capacita a casi 20.000 migrantes","datePublished":"2025-08-13T14:45:43+00:00","dateModified":"2026-02-03T02:38:13+00:00","mainEntityOfPage":{"@id":"https:\/\/vianyc.org\/es\/a-traves-de-seis-programas-integrales-en-2023-y-el-primer-semestre-de-2024-via-capacita-a-casi-20-000-migrantes-2\/"},"wordCount":415,"publisher":{"@id":"https:\/\/vianyc.org\/es\/#organization"},"articleSection":["Sin categorizar"],"inLanguage":"es"},{"@type":"WebPage","@id":"https:\/\/vianyc.org\/es\/a-traves-de-seis-programas-integrales-en-2023-y-el-primer-semestre-de-2024-via-capacita-a-casi-20-000-migrantes-2\/","url":"https:\/\/vianyc.org\/es\/a-traves-de-seis-programas-integrales-en-2023-y-el-primer-semestre-de-2024-via-capacita-a-casi-20-000-migrantes-2\/","name":"A trav\u00e9s de Seis Programas Integrales en 2023 y el primer semestre de 2024: VIA capacita a casi 20.000 migrantes - vianyc.org","isPartOf":{"@id":"https:\/\/vianyc.org\/es\/#website"},"datePublished":"2025-08-13T14:45:43+00:00","dateModified":"2026-02-03T02:38:13+00:00","inLanguage":"es","potentialAction":[{"@type":"ReadAction","target":["https:\/\/vianyc.org\/es\/a-traves-de-seis-programas-integrales-en-2023-y-el-primer-semestre-de-2024-via-capacita-a-casi-20-000-migrantes-2\/"]}]},{"@type":"WebSite","@id":"https:\/\/vianyc.org\/es\/#website","url":"https:\/\/vianyc.org\/es\/","name":"Venezuelans and Immigrants Aid","description":"","publisher":{"@id":"https:\/\/vianyc.org\/es\/#organization"},"potentialAction":[{"@type":"SearchAction","target":{"@type":"EntryPoint","urlTemplate":"https:\/\/vianyc.org\/es\/?s={search_term_string}"},"query-input":{"@type":"PropertyValueSpecification","valueRequired":true,"valueName":"search_term_string"}}],"inLanguage":"es"},{"@type":"Organization","@id":"https:\/\/vianyc.org\/es\/#organization","name":"Venezuelans and Immigrants Aid","url":"https:\/\/vianyc.org\/es\/","logo":{"@type":"ImageObject","inLanguage":"es","@id":"https:\/\/vianyc.org\/es\/#\/schema\/logo\/image\/","url":"https:\/\/vianyc.org\/wp-content\/uploads\/2025\/03\/Via-Logo.png","contentUrl":"https:\/\/vianyc.org\/wp-content\/uploads\/2025\/03\/Via-Logo.png","width":226,"height":76,"caption":"Venezuelans and Immigrants Aid"},"image":{"@id":"https:\/\/vianyc.org\/es\/#\/schema\/logo\/image\/"},"sameAs":["https:\/\/www.facebook.com\/VIANYCOrg","https:\/\/x.com\/vianycorg","https:\/\/www.instagram.com\/vianycorg\/"]},{"@type":"Person","@id":"https:\/\/vianyc.org\/es\/#\/schema\/person\/50539724e037a57c3f63516784580ae0","name":"Jesse Rylander","image":{"@type":"ImageObject","inLanguage":"es","@id":"https:\/\/secure.gravatar.com\/avatar\/edef27604fda1dd652d60ec2b0323d31c3f59161f408b433ced66f0202f662b8?s=96&d=mm&r=g","url":"https:\/\/secure.gravatar.com\/avatar\/edef27604fda1dd652d60ec2b0323d31c3f59161f408b433ced66f0202f662b8?s=96&d=mm&r=g","contentUrl":"https:\/\/secure.gravatar.com\/avatar\/edef27604fda1dd652d60ec2b0323d31c3f59161f408b433ced66f0202f662b8?s=96&d=mm&r=g","caption":"Jesse Rylander"},"url":"https:\/\/vianyc.org\/es\/author\/jesse\/"}]}},"_links":{"self":[{"href":"https:\/\/vianyc.org\/es\/wp-json\/wp\/v2\/posts\/4806","targetHints":{"allow":["GET"]}}],"collection":[{"href":"https:\/\/vianyc.org\/es\/wp-json\/wp\/v2\/posts"}],"about":[{"href":"https:\/\/vianyc.org\/es\/wp-json\/wp\/v2\/types\/post"}],"author":[{"embeddable":true,"href":"https:\/\/vianyc.org\/es\/wp-json\/wp\/v2\/users\/2"}],"replies":[{"embeddable":true,"href":"https:\/\/vianyc.org\/es\/wp-json\/wp\/v2\/comments?post=4806"}],"version-history":[{"count":1,"href":"https:\/\/vianyc.org\/es\/wp-json\/wp\/v2\/posts\/4806\/revisions"}],"predecessor-version":[{"id":4808,"href":"https:\/\/vianyc.org\/es\/wp-json\/wp\/v2\/posts\/4806\/revisions\/4808"}],"wp:attachment":[{"href":"https:\/\/vianyc.org\/es\/wp-json\/wp\/v2\/media?parent=4806"}],"wp:term":[{"taxonomy":"category","embeddable":true,"href":"https:\/\/vianyc.org\/es\/wp-json\/wp\/v2\/categories?post=4806"},{"taxonomy":"post_tag","embeddable":true,"href":"https:\/\/vianyc.org\/es\/wp-json\/wp\/v2\/tags?post=4806"},{"taxonomy":"year_of_publication","embeddable":true,"href":"https:\/\/vianyc.org\/es\/wp-json\/wp\/v2\/year_of_publication?post=4806"}],"curies":[{"name":"wp","href":"https:\/\/api.w.org\/{rel}","templated":true}]}}