{"id":4799,"date":"2025-08-13T17:24:31","date_gmt":"2025-08-13T17:24:31","guid":{"rendered":"https:\/\/vianyc.org\/via-participa-en-la-conferencia-nacional-de-inclusion-de-inmigrantes-niic-2024\/"},"modified":"2026-02-03T02:38:13","modified_gmt":"2026-02-03T02:38:13","slug":"via-participa-en-la-conferencia-nacional-de-inclusion-de-inmigrantes-niic-2024","status":"publish","type":"post","link":"https:\/\/vianyc.org\/es\/via-participa-en-la-conferencia-nacional-de-inclusion-de-inmigrantes-niic-2024\/","title":{"rendered":"VIA participa en la Conferencia Nacional de Inclusi\u00f3n de Inmigrantes (NIIC) 2024"},"content":{"rendered":"\n<p>Del 8 al 10 de diciembre de 2024, VIA tuvo el honor de participar en la National Immigrant Inclusion Conference (NIIC), celebrada en Houston, Texas. Este evento, reconocido como el espacio de reuni\u00f3n central para el sector de organizaciones sin fines de lucro que trabajan con comunidades inmigrantes, reuni\u00f3 a m\u00e1s de 1.300 l\u00edderes de m\u00e1s de 550 organizaciones procedentes de los 50 estados de los Estados Unidos y tambi\u00e9n de Canad\u00e1, Europa y M\u00e9xico.<\/p>\n\n<p>La participaci\u00f3n de VIA en este evento como panelistas fue posible gracias a la invitaci\u00f3n del International Rescue Committee (IRC), reafirmando el compromiso de la organizaci\u00f3n con la inclusi\u00f3n, la justicia y los derechos humanos. Niurka Mel\u00e9ndez, co-fundadora y co-directora de VIA, fue panelista en el foro titulado: \u00abProtecci\u00f3n del marco de asilo, reasentamiento y derechos humanos: Un sistema nacional de recepci\u00f3n coordinado\u00bb.<\/p>\n\n<p>Durante su intervenci\u00f3n, y de acuerdo a uno de los \u00abPrincipios B\u00e1sicos de Recepci\u00f3n\u00bb de la organizaci\u00f3n IRC , Niurka present\u00f3 el enfoque de VIA en torno a la justicia y la equidad, destacando dos de sus iniciativas m\u00e1s significativas: los servicios legales a gran escala en la ciudad de Nueva York y el Proyecto Pro Se Plus, un programa que capacita a los solicitantes de asilo para representarse a s\u00ed mismos de manera efectiva, brind\u00e1ndoles informaci\u00f3n clara y accesible.<\/p>\n\n<p><strong>La justicia como principio fundamental<\/strong><br\/>En respuesta a la pregunta sobre c\u00f3mo el trabajo de VIA est\u00e1 conectado con el principio de justicia, Niurka explic\u00f3 que \u00abla justicia es central en todo lo que hacemos en la organizaci\u00f3n . Para nosotros, significa garantizar que todas las personas, independientemente de su origen o circunstancias, tengan acceso a las mismas oportunidades y derechos, y comprendan sus responsabilidades.\u00bb<\/p>\n\n<p>La justicia en VIA se traduce en acciones concretas. A trav\u00e9s de talleres, presentaciones comunitarias, recursos audiovisuales y gu\u00edas pr\u00e1cticas, V\u00cdA asegura que incluso las personas m\u00e1s vulnerables tengan las herramientas necesarias para presentar sus casos de manera informada. Este enfoque educativo y empoderador no s\u00f3lo aporta conocimientos jur\u00eddicos, sino tambi\u00e9n confianza para tomar decisiones fundamentadas.<\/p>\n\n<p>Asimismo, las alianzas estrat\u00e9gicas con otras organizaciones y l\u00edderes locales han permitido a VIA escalar sus esfuerzos, haciendo que los servicios sean m\u00e1s accesibles y sostenibles. Estas colaboraciones reflejan el compromiso de la organizaci\u00f3n con la equidad no s\u00f3lo para sus clientes, sino tambi\u00e9n para fortalecer el sistema en su conjunto. Otro aspecto clave es el combate a la desinformaci\u00f3n. VIA trabaja para contrarrestar las narrativas da\u00f1inas y confusas que afectan a las comunidades desplazadas, ofreciendo informaci\u00f3n precisa y oportuna que ayude a las personas a navegar por un sistema complejo con claridad.<\/p>\n\n<p><strong>Un enfoque centrado en las personas<\/strong><br\/>Niurka tambi\u00e9n destac\u00f3 la perspectiva centrada en el cliente de VIA, enfatizando que las personas a las que sirven no son s\u00f3lo beneficiarias, sino socias en su proceso de integraci\u00f3n. Este enfoque comienza con escuchar y comprender los desaf\u00edos, aspiraciones y contextos culturales de cada persona, lo que permite dise\u00f1ar programas que respondan a necesidades reales y no s\u00f3lo a percepciones externas.<\/p>\n\n<p>VIA tambi\u00e9n da prioridad al apoyo emocional y el bienestar mental, \u00e1reas que a menudo son pasadas por alto, pero que son fundamentales para la integraci\u00f3n y el \u00e9xito a largo plazo. Los programas de apoyo entre pares y consejer\u00eda psicol\u00f3gica de VIA han sido transformadores, proporcionando espacios seguros donde las personas pueden sanar, conectarse y reconstruir su confianza. Esto refleja la creencia de VIA de que la inclusi\u00f3n verdadera va m\u00e1s all\u00e1 del estatus legal; se trata de fomentar la dignidad humana en su totalidad.<\/p>\n\n<p>Adem\u00e1s, VIA trabaja activamente para cambiar la narrativa sobre la migraci\u00f3n. Desde su experiencia, los inmigrantes no son una carga, sino contribuyentes valiosos para el tejido social, econ\u00f3mico y cultural de las comunidades que los reciben. A trav\u00e9s de programas que facilitan el acceso a la educaci\u00f3n, el aprendizaje del idioma ingl\u00e9s y la creaci\u00f3n de redes de apoyo, VIA ayuda a las personas a alcanzar su m\u00e1ximo potencial. Este cambio de narrativa no s\u00f3lo beneficia a los inmigrantes, sino tambi\u00e9n a las comunidades que los acogen, fortaleciendo los lazos sociales y promoviendo la colaboraci\u00f3n.<\/p>\n","protected":false},"excerpt":{"rendered":"<p>Del 8 al 10 de diciembre de 2024, VIA tuvo el honor de participar en la National Immigrant Inclusion Conference (NIIC), celebrada en Houston, Texas. Este evento, reconocido como el espacio de reuni\u00f3n central para el sector de organizaciones sin fines de lucro que trabajan con comunidades inmigrantes, reuni\u00f3 a m\u00e1s de 1.300 l\u00edderes de [&hellip;]<\/p>\n","protected":false},"author":2,"featured_media":0,"comment_status":"closed","ping_status":"closed","sticky":false,"template":"","format":"standard","meta":{"_acf_changed":false,"footnotes":""},"categories":[53],"tags":[],"year_of_publication":[47],"class_list":["post-4799","post","type-post","status-publish","format-standard","hentry","category-sin-categorizar","year_of_publication-47"],"acf":[],"yoast_head":"<!-- This site is optimized with the Yoast SEO plugin v27.4 - https:\/\/yoast.com\/product\/yoast-seo-wordpress\/ -->\n<title>VIA participa en la Conferencia Nacional de Inclusi\u00f3n de Inmigrantes (NIIC) 2024 - vianyc.org<\/title>\n<meta name=\"robots\" content=\"index, follow, max-snippet:-1, max-image-preview:large, max-video-preview:-1\" \/>\n<link rel=\"canonical\" href=\"https:\/\/vianyc.org\/es\/via-participa-en-la-conferencia-nacional-de-inclusion-de-inmigrantes-niic-2024\/\" \/>\n<meta property=\"og:locale\" content=\"es_ES\" \/>\n<meta property=\"og:type\" content=\"article\" \/>\n<meta property=\"og:title\" content=\"VIA participa en la Conferencia Nacional de Inclusi\u00f3n de Inmigrantes (NIIC) 2024 - vianyc.org\" \/>\n<meta property=\"og:description\" content=\"Del 8 al 10 de diciembre de 2024, VIA tuvo el honor de participar en la National Immigrant Inclusion Conference (NIIC), celebrada en Houston, Texas. Este evento, reconocido como el espacio de reuni\u00f3n central para el sector de organizaciones sin fines de lucro que trabajan con comunidades inmigrantes, reuni\u00f3 a m\u00e1s de 1.300 l\u00edderes de [&hellip;]\" \/>\n<meta property=\"og:url\" content=\"https:\/\/vianyc.org\/es\/via-participa-en-la-conferencia-nacional-de-inclusion-de-inmigrantes-niic-2024\/\" \/>\n<meta property=\"og:site_name\" content=\"vianyc.org\" \/>\n<meta property=\"article:publisher\" content=\"https:\/\/www.facebook.com\/VIANYCOrg\" \/>\n<meta property=\"article:published_time\" content=\"2025-08-13T17:24:31+00:00\" \/>\n<meta property=\"article:modified_time\" content=\"2026-02-03T02:38:13+00:00\" \/>\n<meta name=\"author\" content=\"Jesse Rylander\" \/>\n<meta name=\"twitter:card\" content=\"summary_large_image\" \/>\n<meta name=\"twitter:creator\" content=\"@vianycorg\" \/>\n<meta name=\"twitter:site\" content=\"@vianycorg\" \/>\n<meta name=\"twitter:label1\" content=\"Escrito por\" \/>\n\t<meta name=\"twitter:data1\" content=\"Jesse Rylander\" \/>\n\t<meta name=\"twitter:label2\" content=\"Tiempo de lectura\" \/>\n\t<meta name=\"twitter:data2\" content=\"4 minutos\" \/>\n<script type=\"application\/ld+json\" class=\"yoast-schema-graph\">{\"@context\":\"https:\\\/\\\/schema.org\",\"@graph\":[{\"@type\":\"Article\",\"@id\":\"https:\\\/\\\/vianyc.org\\\/es\\\/via-participa-en-la-conferencia-nacional-de-inclusion-de-inmigrantes-niic-2024\\\/#article\",\"isPartOf\":{\"@id\":\"https:\\\/\\\/vianyc.org\\\/es\\\/via-participa-en-la-conferencia-nacional-de-inclusion-de-inmigrantes-niic-2024\\\/\"},\"author\":{\"name\":\"Jesse Rylander\",\"@id\":\"https:\\\/\\\/vianyc.org\\\/es\\\/#\\\/schema\\\/person\\\/50539724e037a57c3f63516784580ae0\"},\"headline\":\"VIA participa en la Conferencia Nacional de Inclusi\u00f3n de Inmigrantes (NIIC) 2024\",\"datePublished\":\"2025-08-13T17:24:31+00:00\",\"dateModified\":\"2026-02-03T02:38:13+00:00\",\"mainEntityOfPage\":{\"@id\":\"https:\\\/\\\/vianyc.org\\\/es\\\/via-participa-en-la-conferencia-nacional-de-inclusion-de-inmigrantes-niic-2024\\\/\"},\"wordCount\":747,\"publisher\":{\"@id\":\"https:\\\/\\\/vianyc.org\\\/es\\\/#organization\"},\"articleSection\":[\"Sin categorizar\"],\"inLanguage\":\"es\"},{\"@type\":\"WebPage\",\"@id\":\"https:\\\/\\\/vianyc.org\\\/es\\\/via-participa-en-la-conferencia-nacional-de-inclusion-de-inmigrantes-niic-2024\\\/\",\"url\":\"https:\\\/\\\/vianyc.org\\\/es\\\/via-participa-en-la-conferencia-nacional-de-inclusion-de-inmigrantes-niic-2024\\\/\",\"name\":\"VIA participa en la Conferencia Nacional de Inclusi\u00f3n de Inmigrantes (NIIC) 2024 - vianyc.org\",\"isPartOf\":{\"@id\":\"https:\\\/\\\/vianyc.org\\\/es\\\/#website\"},\"datePublished\":\"2025-08-13T17:24:31+00:00\",\"dateModified\":\"2026-02-03T02:38:13+00:00\",\"inLanguage\":\"es\",\"potentialAction\":[{\"@type\":\"ReadAction\",\"target\":[\"https:\\\/\\\/vianyc.org\\\/es\\\/via-participa-en-la-conferencia-nacional-de-inclusion-de-inmigrantes-niic-2024\\\/\"]}]},{\"@type\":\"WebSite\",\"@id\":\"https:\\\/\\\/vianyc.org\\\/es\\\/#website\",\"url\":\"https:\\\/\\\/vianyc.org\\\/es\\\/\",\"name\":\"Venezuelans and Immigrants Aid\",\"description\":\"\",\"publisher\":{\"@id\":\"https:\\\/\\\/vianyc.org\\\/es\\\/#organization\"},\"potentialAction\":[{\"@type\":\"SearchAction\",\"target\":{\"@type\":\"EntryPoint\",\"urlTemplate\":\"https:\\\/\\\/vianyc.org\\\/es\\\/?s={search_term_string}\"},\"query-input\":{\"@type\":\"PropertyValueSpecification\",\"valueRequired\":true,\"valueName\":\"search_term_string\"}}],\"inLanguage\":\"es\"},{\"@type\":\"Organization\",\"@id\":\"https:\\\/\\\/vianyc.org\\\/es\\\/#organization\",\"name\":\"Venezuelans and Immigrants Aid\",\"url\":\"https:\\\/\\\/vianyc.org\\\/es\\\/\",\"logo\":{\"@type\":\"ImageObject\",\"inLanguage\":\"es\",\"@id\":\"https:\\\/\\\/vianyc.org\\\/es\\\/#\\\/schema\\\/logo\\\/image\\\/\",\"url\":\"https:\\\/\\\/vianyc.org\\\/wp-content\\\/uploads\\\/2025\\\/03\\\/Via-Logo.png\",\"contentUrl\":\"https:\\\/\\\/vianyc.org\\\/wp-content\\\/uploads\\\/2025\\\/03\\\/Via-Logo.png\",\"width\":226,\"height\":76,\"caption\":\"Venezuelans and Immigrants Aid\"},\"image\":{\"@id\":\"https:\\\/\\\/vianyc.org\\\/es\\\/#\\\/schema\\\/logo\\\/image\\\/\"},\"sameAs\":[\"https:\\\/\\\/www.facebook.com\\\/VIANYCOrg\",\"https:\\\/\\\/x.com\\\/vianycorg\",\"https:\\\/\\\/www.instagram.com\\\/vianycorg\\\/\"]},{\"@type\":\"Person\",\"@id\":\"https:\\\/\\\/vianyc.org\\\/es\\\/#\\\/schema\\\/person\\\/50539724e037a57c3f63516784580ae0\",\"name\":\"Jesse Rylander\",\"image\":{\"@type\":\"ImageObject\",\"inLanguage\":\"es\",\"@id\":\"https:\\\/\\\/secure.gravatar.com\\\/avatar\\\/edef27604fda1dd652d60ec2b0323d31c3f59161f408b433ced66f0202f662b8?s=96&d=mm&r=g\",\"url\":\"https:\\\/\\\/secure.gravatar.com\\\/avatar\\\/edef27604fda1dd652d60ec2b0323d31c3f59161f408b433ced66f0202f662b8?s=96&d=mm&r=g\",\"contentUrl\":\"https:\\\/\\\/secure.gravatar.com\\\/avatar\\\/edef27604fda1dd652d60ec2b0323d31c3f59161f408b433ced66f0202f662b8?s=96&d=mm&r=g\",\"caption\":\"Jesse Rylander\"},\"url\":\"https:\\\/\\\/vianyc.org\\\/es\\\/author\\\/jesse\\\/\"}]}<\/script>\n<!-- \/ Yoast SEO plugin. -->","yoast_head_json":{"title":"VIA participa en la Conferencia Nacional de Inclusi\u00f3n de Inmigrantes (NIIC) 2024 - vianyc.org","robots":{"index":"index","follow":"follow","max-snippet":"max-snippet:-1","max-image-preview":"max-image-preview:large","max-video-preview":"max-video-preview:-1"},"canonical":"https:\/\/vianyc.org\/es\/via-participa-en-la-conferencia-nacional-de-inclusion-de-inmigrantes-niic-2024\/","og_locale":"es_ES","og_type":"article","og_title":"VIA participa en la Conferencia Nacional de Inclusi\u00f3n de Inmigrantes (NIIC) 2024 - vianyc.org","og_description":"Del 8 al 10 de diciembre de 2024, VIA tuvo el honor de participar en la National Immigrant Inclusion Conference (NIIC), celebrada en Houston, Texas. Este evento, reconocido como el espacio de reuni\u00f3n central para el sector de organizaciones sin fines de lucro que trabajan con comunidades inmigrantes, reuni\u00f3 a m\u00e1s de 1.300 l\u00edderes de [&hellip;]","og_url":"https:\/\/vianyc.org\/es\/via-participa-en-la-conferencia-nacional-de-inclusion-de-inmigrantes-niic-2024\/","og_site_name":"vianyc.org","article_publisher":"https:\/\/www.facebook.com\/VIANYCOrg","article_published_time":"2025-08-13T17:24:31+00:00","article_modified_time":"2026-02-03T02:38:13+00:00","author":"Jesse Rylander","twitter_card":"summary_large_image","twitter_creator":"@vianycorg","twitter_site":"@vianycorg","twitter_misc":{"Escrito por":"Jesse Rylander","Tiempo de lectura":"4 minutos"},"schema":{"@context":"https:\/\/schema.org","@graph":[{"@type":"Article","@id":"https:\/\/vianyc.org\/es\/via-participa-en-la-conferencia-nacional-de-inclusion-de-inmigrantes-niic-2024\/#article","isPartOf":{"@id":"https:\/\/vianyc.org\/es\/via-participa-en-la-conferencia-nacional-de-inclusion-de-inmigrantes-niic-2024\/"},"author":{"name":"Jesse Rylander","@id":"https:\/\/vianyc.org\/es\/#\/schema\/person\/50539724e037a57c3f63516784580ae0"},"headline":"VIA participa en la Conferencia Nacional de Inclusi\u00f3n de Inmigrantes (NIIC) 2024","datePublished":"2025-08-13T17:24:31+00:00","dateModified":"2026-02-03T02:38:13+00:00","mainEntityOfPage":{"@id":"https:\/\/vianyc.org\/es\/via-participa-en-la-conferencia-nacional-de-inclusion-de-inmigrantes-niic-2024\/"},"wordCount":747,"publisher":{"@id":"https:\/\/vianyc.org\/es\/#organization"},"articleSection":["Sin categorizar"],"inLanguage":"es"},{"@type":"WebPage","@id":"https:\/\/vianyc.org\/es\/via-participa-en-la-conferencia-nacional-de-inclusion-de-inmigrantes-niic-2024\/","url":"https:\/\/vianyc.org\/es\/via-participa-en-la-conferencia-nacional-de-inclusion-de-inmigrantes-niic-2024\/","name":"VIA participa en la Conferencia Nacional de Inclusi\u00f3n de Inmigrantes (NIIC) 2024 - vianyc.org","isPartOf":{"@id":"https:\/\/vianyc.org\/es\/#website"},"datePublished":"2025-08-13T17:24:31+00:00","dateModified":"2026-02-03T02:38:13+00:00","inLanguage":"es","potentialAction":[{"@type":"ReadAction","target":["https:\/\/vianyc.org\/es\/via-participa-en-la-conferencia-nacional-de-inclusion-de-inmigrantes-niic-2024\/"]}]},{"@type":"WebSite","@id":"https:\/\/vianyc.org\/es\/#website","url":"https:\/\/vianyc.org\/es\/","name":"Venezuelans and Immigrants Aid","description":"","publisher":{"@id":"https:\/\/vianyc.org\/es\/#organization"},"potentialAction":[{"@type":"SearchAction","target":{"@type":"EntryPoint","urlTemplate":"https:\/\/vianyc.org\/es\/?s={search_term_string}"},"query-input":{"@type":"PropertyValueSpecification","valueRequired":true,"valueName":"search_term_string"}}],"inLanguage":"es"},{"@type":"Organization","@id":"https:\/\/vianyc.org\/es\/#organization","name":"Venezuelans and Immigrants Aid","url":"https:\/\/vianyc.org\/es\/","logo":{"@type":"ImageObject","inLanguage":"es","@id":"https:\/\/vianyc.org\/es\/#\/schema\/logo\/image\/","url":"https:\/\/vianyc.org\/wp-content\/uploads\/2025\/03\/Via-Logo.png","contentUrl":"https:\/\/vianyc.org\/wp-content\/uploads\/2025\/03\/Via-Logo.png","width":226,"height":76,"caption":"Venezuelans and Immigrants Aid"},"image":{"@id":"https:\/\/vianyc.org\/es\/#\/schema\/logo\/image\/"},"sameAs":["https:\/\/www.facebook.com\/VIANYCOrg","https:\/\/x.com\/vianycorg","https:\/\/www.instagram.com\/vianycorg\/"]},{"@type":"Person","@id":"https:\/\/vianyc.org\/es\/#\/schema\/person\/50539724e037a57c3f63516784580ae0","name":"Jesse Rylander","image":{"@type":"ImageObject","inLanguage":"es","@id":"https:\/\/secure.gravatar.com\/avatar\/edef27604fda1dd652d60ec2b0323d31c3f59161f408b433ced66f0202f662b8?s=96&d=mm&r=g","url":"https:\/\/secure.gravatar.com\/avatar\/edef27604fda1dd652d60ec2b0323d31c3f59161f408b433ced66f0202f662b8?s=96&d=mm&r=g","contentUrl":"https:\/\/secure.gravatar.com\/avatar\/edef27604fda1dd652d60ec2b0323d31c3f59161f408b433ced66f0202f662b8?s=96&d=mm&r=g","caption":"Jesse Rylander"},"url":"https:\/\/vianyc.org\/es\/author\/jesse\/"}]}},"_links":{"self":[{"href":"https:\/\/vianyc.org\/es\/wp-json\/wp\/v2\/posts\/4799","targetHints":{"allow":["GET"]}}],"collection":[{"href":"https:\/\/vianyc.org\/es\/wp-json\/wp\/v2\/posts"}],"about":[{"href":"https:\/\/vianyc.org\/es\/wp-json\/wp\/v2\/types\/post"}],"author":[{"embeddable":true,"href":"https:\/\/vianyc.org\/es\/wp-json\/wp\/v2\/users\/2"}],"replies":[{"embeddable":true,"href":"https:\/\/vianyc.org\/es\/wp-json\/wp\/v2\/comments?post=4799"}],"version-history":[{"count":1,"href":"https:\/\/vianyc.org\/es\/wp-json\/wp\/v2\/posts\/4799\/revisions"}],"predecessor-version":[{"id":4800,"href":"https:\/\/vianyc.org\/es\/wp-json\/wp\/v2\/posts\/4799\/revisions\/4800"}],"wp:attachment":[{"href":"https:\/\/vianyc.org\/es\/wp-json\/wp\/v2\/media?parent=4799"}],"wp:term":[{"taxonomy":"category","embeddable":true,"href":"https:\/\/vianyc.org\/es\/wp-json\/wp\/v2\/categories?post=4799"},{"taxonomy":"post_tag","embeddable":true,"href":"https:\/\/vianyc.org\/es\/wp-json\/wp\/v2\/tags?post=4799"},{"taxonomy":"year_of_publication","embeddable":true,"href":"https:\/\/vianyc.org\/es\/wp-json\/wp\/v2\/year_of_publication?post=4799"}],"curies":[{"name":"wp","href":"https:\/\/api.w.org\/{rel}","templated":true}]}}