{"id":2432,"date":"2024-11-26T20:25:53","date_gmt":"2024-11-26T20:25:53","guid":{"rendered":"https:\/\/vianyc.org\/lideres-venezolanos-en-nueva-york-asisten-a-una-mesa-redonda-con-el-alcalde-eric-adams\/"},"modified":"2026-02-03T02:38:15","modified_gmt":"2026-02-03T02:38:15","slug":"lideres-venezolanos-en-nueva-york-asisten-a-una-mesa-redonda-con-el-alcalde-eric-adams","status":"publish","type":"post","link":"https:\/\/vianyc.org\/es\/lideres-venezolanos-en-nueva-york-asisten-a-una-mesa-redonda-con-el-alcalde-eric-adams\/","title":{"rendered":"L\u00edderes venezolanos en Nueva York asisten a una mesa redonda con el alcalde Eric Adams"},"content":{"rendered":"\n<p>Nueva York, NY-Por primera vez en su administraci\u00f3n, el alcalde Eric Adams invit\u00f3 a un grupo de l\u00edderes venezolanos, incluidos miembros de Ayuda a Venezolanos <strong>e <\/strong>Inmigrantes (VIA), para hablar de sus retos y necesidades como parte de la creciente comunidad venezolana en la ciudad de Nueva York.<\/p>\n\n<p>Ana Almanzar, Teniente de Alcalde de Iniciativas Estrat\u00e9gicas, abri\u00f3 la reuni\u00f3n dando la bienvenida a los asistentes venezolanos. Destac\u00f3 que el objetivo del encuentro era reunir a distintas comunidades para comprender mejor su situaci\u00f3n y mejorar los servicios de la ciudad en su beneficio. \u00abComo inmigrante que soy, comprendo los retos y la tristeza de dejar nuestros pa\u00edses de origen y empezar de cero\u00bb, dijo Alm\u00e1nzar.<\/p>\n\n<p>\u00abLa idea es pensar en c\u00f3mo podemos colaborar y enviar un mensaje a nuestros l\u00edderes en todo el pa\u00eds de que nosotros, como latinos que vinimos a este pa\u00eds, estamos haciendo un gran trabajo. Tenemos que cambiar la narrativa negativa\u00bb, a\u00f1adi\u00f3 Almanzar.<\/p>\n\n<p>El alcalde Eric Adams se\u00f1al\u00f3: \u00abHa sido un viaje incre\u00edble para m\u00ed. Esta reuni\u00f3n representa un paso hist\u00f3rico para nuestra ciudad. Como venezolanos, quiero preguntaros: \u00bfc\u00f3mo est\u00e1is? Como vuestro pa\u00eds ha salido en los peri\u00f3dicos, se os ha demonizado en todo el pa\u00eds. La gente se ha centrado s\u00f3lo en los inmigrantes y los solicitantes de asilo y no en las contribuciones que vuestra comunidad ha hecho a este pa\u00eds. Os animo a cambiar la narrativa y a ser l\u00edderes en la configuraci\u00f3n del futuro de este pa\u00eds.\u00bb<\/p>\n\n<p>Precisamente, la preocupaci\u00f3n expresada por el alcalde, fue abordada en una declaraci\u00f3n emitida por VIA a principios de este a\u00f1o: \u00abA la luz de las recientes preocupaciones sobre ciudadanos venezolanos implicados en actos delictivos en NYC, VIA reafirma su compromiso con los muchos desplazados de nuestro pa\u00eds que trabajan diligentemente por un futuro mejor. Rechazamos en\u00e9rgicamente cualquier actividad delictiva y a quienes la cometen. Los individuos implicados en estos incidentes no representan los valores y principios de la comunidad venezolana.\u00bb<\/p>\n\n<p>Tras las palabras del alcalde, algunos invitados tuvieron la oportunidad de compartir sus preocupaciones y hacer preguntas sobre salud mental, empleo, acceso a la educaci\u00f3n, guarder\u00edas y otras iniciativas. Por falta de tiempo, las autoridades del Ayuntamiento que asistieron a la reuni\u00f3n responder\u00e1n a las preguntas adicionales presentadas previamente a la Alcald\u00eda. Se han celebrado mesas redondas similares con dirigentes mexicanos y ecuatorianos.<\/p>\n\n<p>Otros miembros del equipo de la alcaldesa Adams que asistieron a la primera mesa redonda con dirigentes venezolanos fueron: S\u00f3crates Solano (Enlace Latino &#8211; Unidad de Asuntos Comunitarios), Manuel Castro (Comisionado &#8211; MOIA), Annabel Palma (Comisionada y Presidenta &#8211; CCHR), Tania Kinsella (Primera Comisionada Adjunta &#8211; NYPD), Eva Wong (Directora Ejecutiva &#8211; OCMH), Fred Kreizman (Comisionado &#8211; CAU), Molly Shaeffer (Directora &#8211; Oficina de Solicitantes de Asilo), Anne Williams (Teniente de Alcalde &#8211; Salud y Servicios Humanos), y Dynishal Gross (Comisionado en funciones &#8211; SBS).<\/p>\n\n<p><\/p>\n","protected":false},"excerpt":{"rendered":"<p>Nueva York, NY-Por primera vez en su administraci\u00f3n, el alcalde Eric Adams invit\u00f3 a un grupo de l\u00edderes venezolanos, incluidos miembros de Ayuda a Venezolanos e Inmigrantes (VIA), para hablar de sus retos y necesidades como parte de la creciente comunidad venezolana en la ciudad de Nueva York. Ana Almanzar, Teniente de Alcalde de Iniciativas [&hellip;]<\/p>\n","protected":false},"author":2,"featured_media":0,"comment_status":"closed","ping_status":"closed","sticky":false,"template":"","format":"standard","meta":{"_acf_changed":false,"footnotes":""},"categories":[83],"tags":[],"year_of_publication":[47],"class_list":["post-2432","post","type-post","status-publish","format-standard","hentry","category-press-releases-es","year_of_publication-47"],"acf":[],"yoast_head":"<!-- This site is optimized with the Yoast SEO plugin v27.4 - https:\/\/yoast.com\/product\/yoast-seo-wordpress\/ -->\n<title>L\u00edderes venezolanos en Nueva York asisten a una mesa redonda con el alcalde Eric Adams - vianyc.org<\/title>\n<meta name=\"robots\" content=\"index, follow, max-snippet:-1, max-image-preview:large, max-video-preview:-1\" \/>\n<link rel=\"canonical\" href=\"https:\/\/vianyc.org\/es\/lideres-venezolanos-en-nueva-york-asisten-a-una-mesa-redonda-con-el-alcalde-eric-adams\/\" \/>\n<meta property=\"og:locale\" content=\"es_ES\" \/>\n<meta property=\"og:type\" content=\"article\" \/>\n<meta property=\"og:title\" content=\"L\u00edderes venezolanos en Nueva York asisten a una mesa redonda con el alcalde Eric Adams - vianyc.org\" \/>\n<meta property=\"og:description\" content=\"Nueva York, NY-Por primera vez en su administraci\u00f3n, el alcalde Eric Adams invit\u00f3 a un grupo de l\u00edderes venezolanos, incluidos miembros de Ayuda a Venezolanos e Inmigrantes (VIA), para hablar de sus retos y necesidades como parte de la creciente comunidad venezolana en la ciudad de Nueva York. Ana Almanzar, Teniente de Alcalde de Iniciativas [&hellip;]\" \/>\n<meta property=\"og:url\" content=\"https:\/\/vianyc.org\/es\/lideres-venezolanos-en-nueva-york-asisten-a-una-mesa-redonda-con-el-alcalde-eric-adams\/\" \/>\n<meta property=\"og:site_name\" content=\"vianyc.org\" \/>\n<meta property=\"article:publisher\" content=\"https:\/\/www.facebook.com\/VIANYCOrg\" \/>\n<meta property=\"article:published_time\" content=\"2024-11-26T20:25:53+00:00\" \/>\n<meta property=\"article:modified_time\" content=\"2026-02-03T02:38:15+00:00\" \/>\n<meta name=\"author\" content=\"Jesse Rylander\" \/>\n<meta name=\"twitter:card\" content=\"summary_large_image\" \/>\n<meta name=\"twitter:creator\" content=\"@vianycorg\" \/>\n<meta name=\"twitter:site\" content=\"@vianycorg\" \/>\n<meta name=\"twitter:label1\" content=\"Escrito por\" \/>\n\t<meta name=\"twitter:data1\" content=\"Jesse Rylander\" \/>\n\t<meta name=\"twitter:label2\" content=\"Tiempo de lectura\" \/>\n\t<meta name=\"twitter:data2\" content=\"3 minutos\" \/>\n<script type=\"application\/ld+json\" class=\"yoast-schema-graph\">{\"@context\":\"https:\\\/\\\/schema.org\",\"@graph\":[{\"@type\":\"Article\",\"@id\":\"https:\\\/\\\/vianyc.org\\\/es\\\/lideres-venezolanos-en-nueva-york-asisten-a-una-mesa-redonda-con-el-alcalde-eric-adams\\\/#article\",\"isPartOf\":{\"@id\":\"https:\\\/\\\/vianyc.org\\\/es\\\/lideres-venezolanos-en-nueva-york-asisten-a-una-mesa-redonda-con-el-alcalde-eric-adams\\\/\"},\"author\":{\"name\":\"Jesse Rylander\",\"@id\":\"https:\\\/\\\/vianyc.org\\\/es\\\/#\\\/schema\\\/person\\\/50539724e037a57c3f63516784580ae0\"},\"headline\":\"L\u00edderes venezolanos en Nueva York asisten a una mesa redonda con el alcalde Eric Adams\",\"datePublished\":\"2024-11-26T20:25:53+00:00\",\"dateModified\":\"2026-02-03T02:38:15+00:00\",\"mainEntityOfPage\":{\"@id\":\"https:\\\/\\\/vianyc.org\\\/es\\\/lideres-venezolanos-en-nueva-york-asisten-a-una-mesa-redonda-con-el-alcalde-eric-adams\\\/\"},\"wordCount\":525,\"publisher\":{\"@id\":\"https:\\\/\\\/vianyc.org\\\/es\\\/#organization\"},\"articleSection\":[\"Comunicados de Prensa\"],\"inLanguage\":\"es\"},{\"@type\":\"WebPage\",\"@id\":\"https:\\\/\\\/vianyc.org\\\/es\\\/lideres-venezolanos-en-nueva-york-asisten-a-una-mesa-redonda-con-el-alcalde-eric-adams\\\/\",\"url\":\"https:\\\/\\\/vianyc.org\\\/es\\\/lideres-venezolanos-en-nueva-york-asisten-a-una-mesa-redonda-con-el-alcalde-eric-adams\\\/\",\"name\":\"L\u00edderes venezolanos en Nueva York asisten a una mesa redonda con el alcalde Eric Adams - vianyc.org\",\"isPartOf\":{\"@id\":\"https:\\\/\\\/vianyc.org\\\/es\\\/#website\"},\"datePublished\":\"2024-11-26T20:25:53+00:00\",\"dateModified\":\"2026-02-03T02:38:15+00:00\",\"inLanguage\":\"es\",\"potentialAction\":[{\"@type\":\"ReadAction\",\"target\":[\"https:\\\/\\\/vianyc.org\\\/es\\\/lideres-venezolanos-en-nueva-york-asisten-a-una-mesa-redonda-con-el-alcalde-eric-adams\\\/\"]}]},{\"@type\":\"WebSite\",\"@id\":\"https:\\\/\\\/vianyc.org\\\/es\\\/#website\",\"url\":\"https:\\\/\\\/vianyc.org\\\/es\\\/\",\"name\":\"Venezuelans and Immigrants Aid\",\"description\":\"\",\"publisher\":{\"@id\":\"https:\\\/\\\/vianyc.org\\\/es\\\/#organization\"},\"potentialAction\":[{\"@type\":\"SearchAction\",\"target\":{\"@type\":\"EntryPoint\",\"urlTemplate\":\"https:\\\/\\\/vianyc.org\\\/es\\\/?s={search_term_string}\"},\"query-input\":{\"@type\":\"PropertyValueSpecification\",\"valueRequired\":true,\"valueName\":\"search_term_string\"}}],\"inLanguage\":\"es\"},{\"@type\":\"Organization\",\"@id\":\"https:\\\/\\\/vianyc.org\\\/es\\\/#organization\",\"name\":\"Venezuelans and Immigrants Aid\",\"url\":\"https:\\\/\\\/vianyc.org\\\/es\\\/\",\"logo\":{\"@type\":\"ImageObject\",\"inLanguage\":\"es\",\"@id\":\"https:\\\/\\\/vianyc.org\\\/es\\\/#\\\/schema\\\/logo\\\/image\\\/\",\"url\":\"https:\\\/\\\/vianyc.org\\\/wp-content\\\/uploads\\\/2025\\\/03\\\/Via-Logo.png\",\"contentUrl\":\"https:\\\/\\\/vianyc.org\\\/wp-content\\\/uploads\\\/2025\\\/03\\\/Via-Logo.png\",\"width\":226,\"height\":76,\"caption\":\"Venezuelans and Immigrants Aid\"},\"image\":{\"@id\":\"https:\\\/\\\/vianyc.org\\\/es\\\/#\\\/schema\\\/logo\\\/image\\\/\"},\"sameAs\":[\"https:\\\/\\\/www.facebook.com\\\/VIANYCOrg\",\"https:\\\/\\\/x.com\\\/vianycorg\",\"https:\\\/\\\/www.instagram.com\\\/vianycorg\\\/\"]},{\"@type\":\"Person\",\"@id\":\"https:\\\/\\\/vianyc.org\\\/es\\\/#\\\/schema\\\/person\\\/50539724e037a57c3f63516784580ae0\",\"name\":\"Jesse Rylander\",\"image\":{\"@type\":\"ImageObject\",\"inLanguage\":\"es\",\"@id\":\"https:\\\/\\\/secure.gravatar.com\\\/avatar\\\/edef27604fda1dd652d60ec2b0323d31c3f59161f408b433ced66f0202f662b8?s=96&d=mm&r=g\",\"url\":\"https:\\\/\\\/secure.gravatar.com\\\/avatar\\\/edef27604fda1dd652d60ec2b0323d31c3f59161f408b433ced66f0202f662b8?s=96&d=mm&r=g\",\"contentUrl\":\"https:\\\/\\\/secure.gravatar.com\\\/avatar\\\/edef27604fda1dd652d60ec2b0323d31c3f59161f408b433ced66f0202f662b8?s=96&d=mm&r=g\",\"caption\":\"Jesse Rylander\"},\"url\":\"https:\\\/\\\/vianyc.org\\\/es\\\/author\\\/jesse\\\/\"}]}<\/script>\n<!-- \/ Yoast SEO plugin. -->","yoast_head_json":{"title":"L\u00edderes venezolanos en Nueva York asisten a una mesa redonda con el alcalde Eric Adams - vianyc.org","robots":{"index":"index","follow":"follow","max-snippet":"max-snippet:-1","max-image-preview":"max-image-preview:large","max-video-preview":"max-video-preview:-1"},"canonical":"https:\/\/vianyc.org\/es\/lideres-venezolanos-en-nueva-york-asisten-a-una-mesa-redonda-con-el-alcalde-eric-adams\/","og_locale":"es_ES","og_type":"article","og_title":"L\u00edderes venezolanos en Nueva York asisten a una mesa redonda con el alcalde Eric Adams - vianyc.org","og_description":"Nueva York, NY-Por primera vez en su administraci\u00f3n, el alcalde Eric Adams invit\u00f3 a un grupo de l\u00edderes venezolanos, incluidos miembros de Ayuda a Venezolanos e Inmigrantes (VIA), para hablar de sus retos y necesidades como parte de la creciente comunidad venezolana en la ciudad de Nueva York. Ana Almanzar, Teniente de Alcalde de Iniciativas [&hellip;]","og_url":"https:\/\/vianyc.org\/es\/lideres-venezolanos-en-nueva-york-asisten-a-una-mesa-redonda-con-el-alcalde-eric-adams\/","og_site_name":"vianyc.org","article_publisher":"https:\/\/www.facebook.com\/VIANYCOrg","article_published_time":"2024-11-26T20:25:53+00:00","article_modified_time":"2026-02-03T02:38:15+00:00","author":"Jesse Rylander","twitter_card":"summary_large_image","twitter_creator":"@vianycorg","twitter_site":"@vianycorg","twitter_misc":{"Escrito por":"Jesse Rylander","Tiempo de lectura":"3 minutos"},"schema":{"@context":"https:\/\/schema.org","@graph":[{"@type":"Article","@id":"https:\/\/vianyc.org\/es\/lideres-venezolanos-en-nueva-york-asisten-a-una-mesa-redonda-con-el-alcalde-eric-adams\/#article","isPartOf":{"@id":"https:\/\/vianyc.org\/es\/lideres-venezolanos-en-nueva-york-asisten-a-una-mesa-redonda-con-el-alcalde-eric-adams\/"},"author":{"name":"Jesse Rylander","@id":"https:\/\/vianyc.org\/es\/#\/schema\/person\/50539724e037a57c3f63516784580ae0"},"headline":"L\u00edderes venezolanos en Nueva York asisten a una mesa redonda con el alcalde Eric Adams","datePublished":"2024-11-26T20:25:53+00:00","dateModified":"2026-02-03T02:38:15+00:00","mainEntityOfPage":{"@id":"https:\/\/vianyc.org\/es\/lideres-venezolanos-en-nueva-york-asisten-a-una-mesa-redonda-con-el-alcalde-eric-adams\/"},"wordCount":525,"publisher":{"@id":"https:\/\/vianyc.org\/es\/#organization"},"articleSection":["Comunicados de Prensa"],"inLanguage":"es"},{"@type":"WebPage","@id":"https:\/\/vianyc.org\/es\/lideres-venezolanos-en-nueva-york-asisten-a-una-mesa-redonda-con-el-alcalde-eric-adams\/","url":"https:\/\/vianyc.org\/es\/lideres-venezolanos-en-nueva-york-asisten-a-una-mesa-redonda-con-el-alcalde-eric-adams\/","name":"L\u00edderes venezolanos en Nueva York asisten a una mesa redonda con el alcalde Eric Adams - vianyc.org","isPartOf":{"@id":"https:\/\/vianyc.org\/es\/#website"},"datePublished":"2024-11-26T20:25:53+00:00","dateModified":"2026-02-03T02:38:15+00:00","inLanguage":"es","potentialAction":[{"@type":"ReadAction","target":["https:\/\/vianyc.org\/es\/lideres-venezolanos-en-nueva-york-asisten-a-una-mesa-redonda-con-el-alcalde-eric-adams\/"]}]},{"@type":"WebSite","@id":"https:\/\/vianyc.org\/es\/#website","url":"https:\/\/vianyc.org\/es\/","name":"Venezuelans and Immigrants Aid","description":"","publisher":{"@id":"https:\/\/vianyc.org\/es\/#organization"},"potentialAction":[{"@type":"SearchAction","target":{"@type":"EntryPoint","urlTemplate":"https:\/\/vianyc.org\/es\/?s={search_term_string}"},"query-input":{"@type":"PropertyValueSpecification","valueRequired":true,"valueName":"search_term_string"}}],"inLanguage":"es"},{"@type":"Organization","@id":"https:\/\/vianyc.org\/es\/#organization","name":"Venezuelans and Immigrants Aid","url":"https:\/\/vianyc.org\/es\/","logo":{"@type":"ImageObject","inLanguage":"es","@id":"https:\/\/vianyc.org\/es\/#\/schema\/logo\/image\/","url":"https:\/\/vianyc.org\/wp-content\/uploads\/2025\/03\/Via-Logo.png","contentUrl":"https:\/\/vianyc.org\/wp-content\/uploads\/2025\/03\/Via-Logo.png","width":226,"height":76,"caption":"Venezuelans and Immigrants Aid"},"image":{"@id":"https:\/\/vianyc.org\/es\/#\/schema\/logo\/image\/"},"sameAs":["https:\/\/www.facebook.com\/VIANYCOrg","https:\/\/x.com\/vianycorg","https:\/\/www.instagram.com\/vianycorg\/"]},{"@type":"Person","@id":"https:\/\/vianyc.org\/es\/#\/schema\/person\/50539724e037a57c3f63516784580ae0","name":"Jesse Rylander","image":{"@type":"ImageObject","inLanguage":"es","@id":"https:\/\/secure.gravatar.com\/avatar\/edef27604fda1dd652d60ec2b0323d31c3f59161f408b433ced66f0202f662b8?s=96&d=mm&r=g","url":"https:\/\/secure.gravatar.com\/avatar\/edef27604fda1dd652d60ec2b0323d31c3f59161f408b433ced66f0202f662b8?s=96&d=mm&r=g","contentUrl":"https:\/\/secure.gravatar.com\/avatar\/edef27604fda1dd652d60ec2b0323d31c3f59161f408b433ced66f0202f662b8?s=96&d=mm&r=g","caption":"Jesse Rylander"},"url":"https:\/\/vianyc.org\/es\/author\/jesse\/"}]}},"_links":{"self":[{"href":"https:\/\/vianyc.org\/es\/wp-json\/wp\/v2\/posts\/2432","targetHints":{"allow":["GET"]}}],"collection":[{"href":"https:\/\/vianyc.org\/es\/wp-json\/wp\/v2\/posts"}],"about":[{"href":"https:\/\/vianyc.org\/es\/wp-json\/wp\/v2\/types\/post"}],"author":[{"embeddable":true,"href":"https:\/\/vianyc.org\/es\/wp-json\/wp\/v2\/users\/2"}],"replies":[{"embeddable":true,"href":"https:\/\/vianyc.org\/es\/wp-json\/wp\/v2\/comments?post=2432"}],"version-history":[{"count":2,"href":"https:\/\/vianyc.org\/es\/wp-json\/wp\/v2\/posts\/2432\/revisions"}],"predecessor-version":[{"id":2435,"href":"https:\/\/vianyc.org\/es\/wp-json\/wp\/v2\/posts\/2432\/revisions\/2435"}],"wp:attachment":[{"href":"https:\/\/vianyc.org\/es\/wp-json\/wp\/v2\/media?parent=2432"}],"wp:term":[{"taxonomy":"category","embeddable":true,"href":"https:\/\/vianyc.org\/es\/wp-json\/wp\/v2\/categories?post=2432"},{"taxonomy":"post_tag","embeddable":true,"href":"https:\/\/vianyc.org\/es\/wp-json\/wp\/v2\/tags?post=2432"},{"taxonomy":"year_of_publication","embeddable":true,"href":"https:\/\/vianyc.org\/es\/wp-json\/wp\/v2\/year_of_publication?post=2432"}],"curies":[{"name":"wp","href":"https:\/\/api.w.org\/{rel}","templated":true}]}}