{"id":2309,"date":"2024-11-26T20:23:16","date_gmt":"2024-11-26T20:23:16","guid":{"rendered":"https:\/\/vianyc.org\/nuevo-documental-en-tiempo-prestado-se-estrena-en-el-festival-de-cine-latino-de-nueva-york\/"},"modified":"2025-02-10T00:04:08","modified_gmt":"2025-02-10T00:04:08","slug":"nuevo-documental-en-tiempo-prestado-se-estrena-en-el-festival-de-cine-latino-de-nueva-york","status":"publish","type":"post","link":"https:\/\/vianyc.org\/es\/nuevo-documental-en-tiempo-prestado-se-estrena-en-el-festival-de-cine-latino-de-nueva-york\/","title":{"rendered":"Nuevo Documental \u00abEn Tiempo Prestado\u00bb Se estrena en el Festival de Cine Latino de Nueva York"},"content":{"rendered":"\n<p>Nueva York, NY &#8211;<\/p>\n\n<p>El cortometraje documental \u00abEn Tiempo Prestado\u00bb del aclamado cineasta Mart\u00edn Blanco se estrenar\u00e1 en el Festival de Cine Latino de Nueva York 2024 el 20 de septiembre de 2024.<\/p>\n\n<p>El documental narra la convincente historia de Niurka Mel\u00e9ndez, madre, esposa, organizadora comunitaria, solicitante de asilo y emigrante forzada venezolana. Desde que lleg\u00f3 a Nueva York, Niurka ha trabajado incansablemente a trav\u00e9s de su organizaci\u00f3n, Ayuda a Venezolanos e Inmigrantes (VIA), para apoyar a los migrantes forzosos mientras espera el resultado de su solicitud de asilo, que present\u00f3 hace m\u00e1s de ocho a\u00f1os.<\/p>\n\n<p>Mart\u00edn Blanco, que conoci\u00f3 a Niurka cuando su hijo actu\u00f3 en su pel\u00edcula \u00abNIKKI\u00bb, se sinti\u00f3 atra\u00eddo por su inquebrantable pasi\u00f3n y determinaci\u00f3n. Reflexionando sobre su reencuentro, Martin dice: \u00abCuanto m\u00e1s tiempo pasaba conociendo a Niurka a trav\u00e9s de su trabajo, m\u00e1s me enamoraba de la pasi\u00f3n con la que habla, de su visi\u00f3n de crear una comunidad acogedora para los migrantes forzosos, y de su fuerza para poder hacerlo todo a pesar de estar a\u00fan insegura sobre su propio futuro en EEUU\u00bb.<\/p>\n\n<p>Niurka y su marido, H\u00e9ctor Arguizones, expresan su gratitud por la oportunidad de compartir su historia a trav\u00e9s del documental. \u00abPara VIA, esto representa una oportunidad de contar la historia de su fundaci\u00f3n, que nos inspir\u00f3 y sigue impuls\u00e1ndonos hasta el d\u00eda de hoy\u00bb, afirman. Creen que el viaje de Niurka se hace eco de las experiencias de innumerables venezolanos desplazados que luchan por reconstruir sus vidas en todo el mundo. Niurka, que comparte desinteresadamente sus conocimientos con los inmigrantes reci\u00e9n llegados, encarna la creencia de que \u00abel progreso individual se convierte en progreso colectivo cuando \u00e9sa es la intenci\u00f3n sincera\u00bb.<\/p>\n\n<p>El equipo de la pel\u00edcula incluye colaboradores de talento, como Mart\u00edn Blanco, guionista, director y productor; Rebecca Swaggart, productora; Cristina Bevia, directora de fotograf\u00eda; Ben Nissim, montador; y Nick Mastorakis, que supervisa el dise\u00f1o y la mezcla de sonido. Clayton Stansberry compuso la m\u00fasica del documental. Blanco tambi\u00e9n afirma: \u00abUn reconocimiento especial a Ayuda a Venezolanos e Inmigrantes (VIA) por su inestimable contribuci\u00f3n.\u00bb<\/p>\n\n<p>La proyecci\u00f3n ir\u00e1 seguida de una conversaci\u00f3n posterior a la pel\u00edcula, que permitir\u00e1 al p\u00fablico interactuar directamente con los realizadores y los protagonistas del documental. Las entradas para el acto pueden adquirirse a trav\u00e9s de la p\u00e1gina web del Festival de Cine Latino de Nueva York: nylatinofilmfestival.com.<\/p>\n\n<p>La proyecci\u00f3n especial y un coloquio posterior a la pel\u00edcula \u00abEn Tiempo Prestado\u00bb tendr\u00e1n lugar a las 17.30 horas del viernes 20 de septiembre de 2024, en los cines Regal de Union Square, en Manhattan, Nueva York.<\/p>\n\n<p>Para saber m\u00e1s sobre Ayuda a Venezolanos e Inmigrantes, visita vianyc.org.<\/p>\n","protected":false},"excerpt":{"rendered":"<p>Nueva York, NY &#8211; El cortometraje documental \u00abEn Tiempo Prestado\u00bb del aclamado cineasta Mart\u00edn Blanco se estrenar\u00e1 en el Festival de Cine Latino de Nueva York 2024 el 20 de septiembre de 2024. El documental narra la convincente historia de Niurka Mel\u00e9ndez, madre, esposa, organizadora comunitaria, solicitante de asilo y emigrante forzada venezolana. Desde que [&hellip;]<\/p>\n","protected":false},"author":2,"featured_media":0,"comment_status":"closed","ping_status":"closed","sticky":false,"template":"","format":"standard","meta":{"_acf_changed":false,"footnotes":""},"categories":[83],"tags":[],"year_of_publication":[],"class_list":["post-2309","post","type-post","status-publish","format-standard","hentry","category-press-releases-es"],"acf":[],"yoast_head":"<!-- This site is optimized with the Yoast SEO plugin v27.4 - https:\/\/yoast.com\/product\/yoast-seo-wordpress\/ -->\n<title>Nuevo Documental &quot;En Tiempo Prestado&quot; Se estrena en el Festival de Cine Latino de Nueva York - vianyc.org<\/title>\n<meta name=\"robots\" content=\"index, follow, max-snippet:-1, max-image-preview:large, max-video-preview:-1\" \/>\n<link rel=\"canonical\" href=\"https:\/\/vianyc.org\/es\/nuevo-documental-en-tiempo-prestado-se-estrena-en-el-festival-de-cine-latino-de-nueva-york\/\" \/>\n<meta property=\"og:locale\" content=\"es_ES\" \/>\n<meta property=\"og:type\" content=\"article\" \/>\n<meta property=\"og:title\" content=\"Nuevo Documental &quot;En Tiempo Prestado&quot; Se estrena en el Festival de Cine Latino de Nueva York - vianyc.org\" \/>\n<meta property=\"og:description\" content=\"Nueva York, NY &#8211; El cortometraje documental \u00abEn Tiempo Prestado\u00bb del aclamado cineasta Mart\u00edn Blanco se estrenar\u00e1 en el Festival de Cine Latino de Nueva York 2024 el 20 de septiembre de 2024. El documental narra la convincente historia de Niurka Mel\u00e9ndez, madre, esposa, organizadora comunitaria, solicitante de asilo y emigrante forzada venezolana. Desde que [&hellip;]\" \/>\n<meta property=\"og:url\" content=\"https:\/\/vianyc.org\/es\/nuevo-documental-en-tiempo-prestado-se-estrena-en-el-festival-de-cine-latino-de-nueva-york\/\" \/>\n<meta property=\"og:site_name\" content=\"vianyc.org\" \/>\n<meta property=\"article:publisher\" content=\"https:\/\/www.facebook.com\/VIANYCOrg\" \/>\n<meta property=\"article:published_time\" content=\"2024-11-26T20:23:16+00:00\" \/>\n<meta property=\"article:modified_time\" content=\"2025-02-10T00:04:08+00:00\" \/>\n<meta name=\"author\" content=\"Jesse Rylander\" \/>\n<meta name=\"twitter:card\" content=\"summary_large_image\" \/>\n<meta name=\"twitter:creator\" content=\"@vianycorg\" \/>\n<meta name=\"twitter:site\" content=\"@vianycorg\" \/>\n<meta name=\"twitter:label1\" content=\"Escrito por\" \/>\n\t<meta name=\"twitter:data1\" content=\"Jesse Rylander\" \/>\n\t<meta name=\"twitter:label2\" content=\"Tiempo de lectura\" \/>\n\t<meta name=\"twitter:data2\" content=\"2 minutos\" \/>\n<script type=\"application\/ld+json\" class=\"yoast-schema-graph\">{\"@context\":\"https:\\\/\\\/schema.org\",\"@graph\":[{\"@type\":\"Article\",\"@id\":\"https:\\\/\\\/vianyc.org\\\/es\\\/nuevo-documental-en-tiempo-prestado-se-estrena-en-el-festival-de-cine-latino-de-nueva-york\\\/#article\",\"isPartOf\":{\"@id\":\"https:\\\/\\\/vianyc.org\\\/es\\\/nuevo-documental-en-tiempo-prestado-se-estrena-en-el-festival-de-cine-latino-de-nueva-york\\\/\"},\"author\":{\"name\":\"Jesse Rylander\",\"@id\":\"https:\\\/\\\/vianyc.org\\\/es\\\/#\\\/schema\\\/person\\\/50539724e037a57c3f63516784580ae0\"},\"headline\":\"Nuevo Documental \u00abEn Tiempo Prestado\u00bb Se estrena en el Festival de Cine Latino de Nueva York\",\"datePublished\":\"2024-11-26T20:23:16+00:00\",\"dateModified\":\"2025-02-10T00:04:08+00:00\",\"mainEntityOfPage\":{\"@id\":\"https:\\\/\\\/vianyc.org\\\/es\\\/nuevo-documental-en-tiempo-prestado-se-estrena-en-el-festival-de-cine-latino-de-nueva-york\\\/\"},\"wordCount\":491,\"publisher\":{\"@id\":\"https:\\\/\\\/vianyc.org\\\/es\\\/#organization\"},\"articleSection\":[\"Comunicados de Prensa\"],\"inLanguage\":\"es\"},{\"@type\":\"WebPage\",\"@id\":\"https:\\\/\\\/vianyc.org\\\/es\\\/nuevo-documental-en-tiempo-prestado-se-estrena-en-el-festival-de-cine-latino-de-nueva-york\\\/\",\"url\":\"https:\\\/\\\/vianyc.org\\\/es\\\/nuevo-documental-en-tiempo-prestado-se-estrena-en-el-festival-de-cine-latino-de-nueva-york\\\/\",\"name\":\"Nuevo Documental \\\"En Tiempo Prestado\\\" Se estrena en el Festival de Cine Latino de Nueva York - vianyc.org\",\"isPartOf\":{\"@id\":\"https:\\\/\\\/vianyc.org\\\/es\\\/#website\"},\"datePublished\":\"2024-11-26T20:23:16+00:00\",\"dateModified\":\"2025-02-10T00:04:08+00:00\",\"inLanguage\":\"es\",\"potentialAction\":[{\"@type\":\"ReadAction\",\"target\":[\"https:\\\/\\\/vianyc.org\\\/es\\\/nuevo-documental-en-tiempo-prestado-se-estrena-en-el-festival-de-cine-latino-de-nueva-york\\\/\"]}]},{\"@type\":\"WebSite\",\"@id\":\"https:\\\/\\\/vianyc.org\\\/es\\\/#website\",\"url\":\"https:\\\/\\\/vianyc.org\\\/es\\\/\",\"name\":\"Venezuelans and Immigrants Aid\",\"description\":\"\",\"publisher\":{\"@id\":\"https:\\\/\\\/vianyc.org\\\/es\\\/#organization\"},\"potentialAction\":[{\"@type\":\"SearchAction\",\"target\":{\"@type\":\"EntryPoint\",\"urlTemplate\":\"https:\\\/\\\/vianyc.org\\\/es\\\/?s={search_term_string}\"},\"query-input\":{\"@type\":\"PropertyValueSpecification\",\"valueRequired\":true,\"valueName\":\"search_term_string\"}}],\"inLanguage\":\"es\"},{\"@type\":\"Organization\",\"@id\":\"https:\\\/\\\/vianyc.org\\\/es\\\/#organization\",\"name\":\"Venezuelans and Immigrants Aid\",\"url\":\"https:\\\/\\\/vianyc.org\\\/es\\\/\",\"logo\":{\"@type\":\"ImageObject\",\"inLanguage\":\"es\",\"@id\":\"https:\\\/\\\/vianyc.org\\\/es\\\/#\\\/schema\\\/logo\\\/image\\\/\",\"url\":\"https:\\\/\\\/vianyc.org\\\/wp-content\\\/uploads\\\/2025\\\/03\\\/Via-Logo.png\",\"contentUrl\":\"https:\\\/\\\/vianyc.org\\\/wp-content\\\/uploads\\\/2025\\\/03\\\/Via-Logo.png\",\"width\":226,\"height\":76,\"caption\":\"Venezuelans and Immigrants Aid\"},\"image\":{\"@id\":\"https:\\\/\\\/vianyc.org\\\/es\\\/#\\\/schema\\\/logo\\\/image\\\/\"},\"sameAs\":[\"https:\\\/\\\/www.facebook.com\\\/VIANYCOrg\",\"https:\\\/\\\/x.com\\\/vianycorg\",\"https:\\\/\\\/www.instagram.com\\\/vianycorg\\\/\"]},{\"@type\":\"Person\",\"@id\":\"https:\\\/\\\/vianyc.org\\\/es\\\/#\\\/schema\\\/person\\\/50539724e037a57c3f63516784580ae0\",\"name\":\"Jesse Rylander\",\"image\":{\"@type\":\"ImageObject\",\"inLanguage\":\"es\",\"@id\":\"https:\\\/\\\/secure.gravatar.com\\\/avatar\\\/edef27604fda1dd652d60ec2b0323d31c3f59161f408b433ced66f0202f662b8?s=96&d=mm&r=g\",\"url\":\"https:\\\/\\\/secure.gravatar.com\\\/avatar\\\/edef27604fda1dd652d60ec2b0323d31c3f59161f408b433ced66f0202f662b8?s=96&d=mm&r=g\",\"contentUrl\":\"https:\\\/\\\/secure.gravatar.com\\\/avatar\\\/edef27604fda1dd652d60ec2b0323d31c3f59161f408b433ced66f0202f662b8?s=96&d=mm&r=g\",\"caption\":\"Jesse Rylander\"},\"url\":\"https:\\\/\\\/vianyc.org\\\/es\\\/author\\\/jesse\\\/\"}]}<\/script>\n<!-- \/ Yoast SEO plugin. -->","yoast_head_json":{"title":"Nuevo Documental \"En Tiempo Prestado\" Se estrena en el Festival de Cine Latino de Nueva York - vianyc.org","robots":{"index":"index","follow":"follow","max-snippet":"max-snippet:-1","max-image-preview":"max-image-preview:large","max-video-preview":"max-video-preview:-1"},"canonical":"https:\/\/vianyc.org\/es\/nuevo-documental-en-tiempo-prestado-se-estrena-en-el-festival-de-cine-latino-de-nueva-york\/","og_locale":"es_ES","og_type":"article","og_title":"Nuevo Documental \"En Tiempo Prestado\" Se estrena en el Festival de Cine Latino de Nueva York - vianyc.org","og_description":"Nueva York, NY &#8211; El cortometraje documental \u00abEn Tiempo Prestado\u00bb del aclamado cineasta Mart\u00edn Blanco se estrenar\u00e1 en el Festival de Cine Latino de Nueva York 2024 el 20 de septiembre de 2024. El documental narra la convincente historia de Niurka Mel\u00e9ndez, madre, esposa, organizadora comunitaria, solicitante de asilo y emigrante forzada venezolana. Desde que [&hellip;]","og_url":"https:\/\/vianyc.org\/es\/nuevo-documental-en-tiempo-prestado-se-estrena-en-el-festival-de-cine-latino-de-nueva-york\/","og_site_name":"vianyc.org","article_publisher":"https:\/\/www.facebook.com\/VIANYCOrg","article_published_time":"2024-11-26T20:23:16+00:00","article_modified_time":"2025-02-10T00:04:08+00:00","author":"Jesse Rylander","twitter_card":"summary_large_image","twitter_creator":"@vianycorg","twitter_site":"@vianycorg","twitter_misc":{"Escrito por":"Jesse Rylander","Tiempo de lectura":"2 minutos"},"schema":{"@context":"https:\/\/schema.org","@graph":[{"@type":"Article","@id":"https:\/\/vianyc.org\/es\/nuevo-documental-en-tiempo-prestado-se-estrena-en-el-festival-de-cine-latino-de-nueva-york\/#article","isPartOf":{"@id":"https:\/\/vianyc.org\/es\/nuevo-documental-en-tiempo-prestado-se-estrena-en-el-festival-de-cine-latino-de-nueva-york\/"},"author":{"name":"Jesse Rylander","@id":"https:\/\/vianyc.org\/es\/#\/schema\/person\/50539724e037a57c3f63516784580ae0"},"headline":"Nuevo Documental \u00abEn Tiempo Prestado\u00bb Se estrena en el Festival de Cine Latino de Nueva York","datePublished":"2024-11-26T20:23:16+00:00","dateModified":"2025-02-10T00:04:08+00:00","mainEntityOfPage":{"@id":"https:\/\/vianyc.org\/es\/nuevo-documental-en-tiempo-prestado-se-estrena-en-el-festival-de-cine-latino-de-nueva-york\/"},"wordCount":491,"publisher":{"@id":"https:\/\/vianyc.org\/es\/#organization"},"articleSection":["Comunicados de Prensa"],"inLanguage":"es"},{"@type":"WebPage","@id":"https:\/\/vianyc.org\/es\/nuevo-documental-en-tiempo-prestado-se-estrena-en-el-festival-de-cine-latino-de-nueva-york\/","url":"https:\/\/vianyc.org\/es\/nuevo-documental-en-tiempo-prestado-se-estrena-en-el-festival-de-cine-latino-de-nueva-york\/","name":"Nuevo Documental \"En Tiempo Prestado\" Se estrena en el Festival de Cine Latino de Nueva York - vianyc.org","isPartOf":{"@id":"https:\/\/vianyc.org\/es\/#website"},"datePublished":"2024-11-26T20:23:16+00:00","dateModified":"2025-02-10T00:04:08+00:00","inLanguage":"es","potentialAction":[{"@type":"ReadAction","target":["https:\/\/vianyc.org\/es\/nuevo-documental-en-tiempo-prestado-se-estrena-en-el-festival-de-cine-latino-de-nueva-york\/"]}]},{"@type":"WebSite","@id":"https:\/\/vianyc.org\/es\/#website","url":"https:\/\/vianyc.org\/es\/","name":"Venezuelans and Immigrants Aid","description":"","publisher":{"@id":"https:\/\/vianyc.org\/es\/#organization"},"potentialAction":[{"@type":"SearchAction","target":{"@type":"EntryPoint","urlTemplate":"https:\/\/vianyc.org\/es\/?s={search_term_string}"},"query-input":{"@type":"PropertyValueSpecification","valueRequired":true,"valueName":"search_term_string"}}],"inLanguage":"es"},{"@type":"Organization","@id":"https:\/\/vianyc.org\/es\/#organization","name":"Venezuelans and Immigrants Aid","url":"https:\/\/vianyc.org\/es\/","logo":{"@type":"ImageObject","inLanguage":"es","@id":"https:\/\/vianyc.org\/es\/#\/schema\/logo\/image\/","url":"https:\/\/vianyc.org\/wp-content\/uploads\/2025\/03\/Via-Logo.png","contentUrl":"https:\/\/vianyc.org\/wp-content\/uploads\/2025\/03\/Via-Logo.png","width":226,"height":76,"caption":"Venezuelans and Immigrants Aid"},"image":{"@id":"https:\/\/vianyc.org\/es\/#\/schema\/logo\/image\/"},"sameAs":["https:\/\/www.facebook.com\/VIANYCOrg","https:\/\/x.com\/vianycorg","https:\/\/www.instagram.com\/vianycorg\/"]},{"@type":"Person","@id":"https:\/\/vianyc.org\/es\/#\/schema\/person\/50539724e037a57c3f63516784580ae0","name":"Jesse Rylander","image":{"@type":"ImageObject","inLanguage":"es","@id":"https:\/\/secure.gravatar.com\/avatar\/edef27604fda1dd652d60ec2b0323d31c3f59161f408b433ced66f0202f662b8?s=96&d=mm&r=g","url":"https:\/\/secure.gravatar.com\/avatar\/edef27604fda1dd652d60ec2b0323d31c3f59161f408b433ced66f0202f662b8?s=96&d=mm&r=g","contentUrl":"https:\/\/secure.gravatar.com\/avatar\/edef27604fda1dd652d60ec2b0323d31c3f59161f408b433ced66f0202f662b8?s=96&d=mm&r=g","caption":"Jesse Rylander"},"url":"https:\/\/vianyc.org\/es\/author\/jesse\/"}]}},"_links":{"self":[{"href":"https:\/\/vianyc.org\/es\/wp-json\/wp\/v2\/posts\/2309","targetHints":{"allow":["GET"]}}],"collection":[{"href":"https:\/\/vianyc.org\/es\/wp-json\/wp\/v2\/posts"}],"about":[{"href":"https:\/\/vianyc.org\/es\/wp-json\/wp\/v2\/types\/post"}],"author":[{"embeddable":true,"href":"https:\/\/vianyc.org\/es\/wp-json\/wp\/v2\/users\/2"}],"replies":[{"embeddable":true,"href":"https:\/\/vianyc.org\/es\/wp-json\/wp\/v2\/comments?post=2309"}],"version-history":[{"count":2,"href":"https:\/\/vianyc.org\/es\/wp-json\/wp\/v2\/posts\/2309\/revisions"}],"predecessor-version":[{"id":2311,"href":"https:\/\/vianyc.org\/es\/wp-json\/wp\/v2\/posts\/2309\/revisions\/2311"}],"wp:attachment":[{"href":"https:\/\/vianyc.org\/es\/wp-json\/wp\/v2\/media?parent=2309"}],"wp:term":[{"taxonomy":"category","embeddable":true,"href":"https:\/\/vianyc.org\/es\/wp-json\/wp\/v2\/categories?post=2309"},{"taxonomy":"post_tag","embeddable":true,"href":"https:\/\/vianyc.org\/es\/wp-json\/wp\/v2\/tags?post=2309"},{"taxonomy":"year_of_publication","embeddable":true,"href":"https:\/\/vianyc.org\/es\/wp-json\/wp\/v2\/year_of_publication?post=2309"}],"curies":[{"name":"wp","href":"https:\/\/api.w.org\/{rel}","templated":true}]}}